{"id":29245,"date":"2026-04-28T09:12:41","date_gmt":"2026-04-28T07:12:41","guid":{"rendered":"https:\/\/cotacreativa.es\/2026\/04\/28\/disseny-i-muntatge-destands-per-a-salon-gourmets-2026-a-ifema-madrid\/"},"modified":"2026-04-28T10:02:44","modified_gmt":"2026-04-28T08:02:44","slug":"disseny-i-muntatge-destands-per-a-salon-gourmets-2026-a-ifema-madrid","status":"publish","type":"post","link":"https:\/\/cotacreativa.es\/ca\/2026\/04\/28\/disseny-i-muntatge-destands-per-a-salon-gourmets-2026-a-ifema-madrid\/","title":{"rendered":"Disseny i muntatge d\u2019estands per a Sal\u00f3n Gourmets 2026 a IFEMA Madrid"},"content":{"rendered":"\t\t<div data-elementor-type=\"wp-post\" data-elementor-id=\"29245\" class=\"elementor elementor-29245 elementor-29118\" data-elementor-post-type=\"post\">\n\t\t\t\t<div class=\"elementor-element elementor-element-f73205f e-flex e-con-boxed e-con e-parent\" data-id=\"f73205f\" data-element_type=\"container\">\n\t\t\t\t\t<div class=\"e-con-inner\">\n\t\t\t\t<div class=\"elementor-element elementor-element-6fac6e9 elementor-widget elementor-widget-text-editor\" data-id=\"6fac6e9\" data-element_type=\"widget\" data-widget_type=\"text-editor.default\">\n\t\t\t\t<div class=\"elementor-widget-container\">\n\t\t\t\t\t\t\t\t\t<p>Sal\u00f3n Gourmets 2026 va tornar a convertir <a href=\"https:\/\/www.ifema.es\/salon-gourmets\">IFEMA Madrid<\/a> en un dels principals punts de trobada professional per al sector de l\u2019alimentaci\u00f3 i les begudes d\u2019alta qualitat. Una fira on productors, distribu\u00efdors, importadors, compradors, empreses de packaging, cellers i marques gourmet presenten novetats, reforcen relacions comercials i busquen noves oportunitats de negoci. <\/p><p>Des de Cota Creativa hem estat presents en aquesta edici\u00f3 col\u00b7laborant en el disseny i <a href=\"https:\/\/www.cotacreativa.com\/servicios\/\">muntatge d\u2019estands<\/a> per a tres expositors: Beurrespa, Regalpack i Bodegas Habla. Tres marques amb necessitats molt diferents, per\u00f2 amb un objectiu com\u00fa: disposar d\u2019un espai firal funcional, atractiu i alineat amb la seva identitat corporativa. <\/p>\t\t\t\t\t\t\t\t<\/div>\n\t\t\t\t<\/div>\n\t\t\t\t<div class=\"elementor-element elementor-element-3b0e174 elementor-widget elementor-widget-heading\" data-id=\"3b0e174\" data-element_type=\"widget\" data-widget_type=\"heading.default\">\n\t\t\t\t<div class=\"elementor-widget-container\">\n\t\t\t\t\t<h3 class=\"elementor-heading-title elementor-size-default\">Estands personalitzats per a empreses del sector gourmet i alimentari<\/h3>\t\t\t\t<\/div>\n\t\t\t\t<\/div>\n\t\t\t\t<div class=\"elementor-element elementor-element-6a0bc8a elementor-widget elementor-widget-text-editor\" data-id=\"6a0bc8a\" data-element_type=\"widget\" data-widget_type=\"text-editor.default\">\n\t\t\t\t<div class=\"elementor-widget-container\">\n\t\t\t\t\t\t\t\t\t<p>En una fira com <a href=\"https:\/\/www.gourmets.net\/salon-gourmets\">Sal\u00f3n Gourmets<\/a>, l\u2019estand no \u00e9s nom\u00e9s un espai f\u00edsic. \u00c9s una eina comercial. Ha d\u2019atreure visitants, presentar el producte de manera clara, facilitar reunions, generar confian\u00e7a i transmetre la personalitat de la marca des del primer impacte visual.  <\/p><p>Per aix\u00f2, cada projecte requereix una soluci\u00f3 espec\u00edfica. No \u00e9s el mateix dissenyar un espai per a una empresa d\u2019ingredients i productes lactis que per a una companyia especialitzada en packaging o per a un celler amb una imatge premium molt marcada. <\/p>\t\t\t\t\t\t\t\t<\/div>\n\t\t\t\t<\/div>\n\t\t\t\t\t<\/div>\n\t\t\t\t<\/div>\n\t\t<div class=\"elementor-element elementor-element-1a7ab74 e-flex e-con-boxed e-con e-parent\" data-id=\"1a7ab74\" data-element_type=\"container\">\n\t\t\t\t\t<div class=\"e-con-inner\">\n\t\t<div class=\"elementor-element elementor-element-b407490 e-con-full e-flex e-con e-child\" data-id=\"b407490\" data-element_type=\"container\">\n\t\t\t\t<div class=\"elementor-element elementor-element-9acbb35 elementor-widget elementor-widget-heading\" data-id=\"9acbb35\" data-element_type=\"widget\" data-widget_type=\"heading.default\">\n\t\t\t\t<div class=\"elementor-widget-container\">\n\t\t\t\t\t<h3 class=\"elementor-heading-title elementor-size-default\">Estand per a Beurrespa a Sal\u00f3n Gourmets 2026<\/h3>\t\t\t\t<\/div>\n\t\t\t\t<\/div>\n\t\t\t\t<div class=\"elementor-element elementor-element-8f13eab elementor-widget elementor-widget-text-editor\" data-id=\"8f13eab\" data-element_type=\"widget\" data-widget_type=\"text-editor.default\">\n\t\t\t\t<div class=\"elementor-widget-container\">\n\t\t\t\t\t\t\t\t\t<p><a href=\"https:\/\/www.beurrespa.es\/\">Beurrespa<\/a>, client habitual de Cota Creativa, va tornar a confiar en el nostre equip per a la seva pres\u00e8ncia a Sal\u00f3n Gourmets 2026.<\/p><p>Per a aquest projecte vam treballar un estand de 27 m\u00b2, dissenyat per presentar de manera clara el seu cat\u00e0leg de productes per a la ind\u00fastria aliment\u00e0ria, amb especial protagonisme de les seves l\u00ednies de mantegues, formatges i productes lactis.<\/p><p>El disseny va apostar per una imatge neta, professional i funcional, amb zones d\u2019atenci\u00f3 comercial, exposici\u00f3 de producte, gr\u00e0fica de marca i una distribuci\u00f3 pensada per afavorir el contacte directe amb visitants i compradors professionals.<\/p>\t\t\t\t\t\t\t\t<\/div>\n\t\t\t\t<\/div>\n\t\t\t\t<\/div>\n\t\t<div class=\"elementor-element elementor-element-ac35f10 e-con-full e-flex e-con e-child\" data-id=\"ac35f10\" data-element_type=\"container\">\n\t\t\t\t<div class=\"elementor-element elementor-element-8931ce8 elementor-widget elementor-widget-image\" data-id=\"8931ce8\" data-element_type=\"widget\" data-widget_type=\"image.default\">\n\t\t\t\t<div class=\"elementor-widget-container\">\n\t\t\t\t\t\t\t\t\t\t\t\t\t\t\t<img fetchpriority=\"high\" decoding=\"async\" width=\"640\" height=\"480\" src=\"https:\/\/cotacreativa.es\/wp-content\/uploads\/2026\/04\/Stand-de-Beurrespa-en-Salon-Gourmets-2026-disenado-por-Cota-Creativa-1024x768.jpeg\" class=\"attachment-large size-large wp-image-29174\" alt=\"Stand de Beurrespa en Sal\u00f3n Gourmets 2026 dise\u00f1ado por Cota Creativa\" srcset=\"https:\/\/cotacreativa.es\/wp-content\/uploads\/2026\/04\/Stand-de-Beurrespa-en-Salon-Gourmets-2026-disenado-por-Cota-Creativa-1024x768.jpeg 1024w, https:\/\/cotacreativa.es\/wp-content\/uploads\/2026\/04\/Stand-de-Beurrespa-en-Salon-Gourmets-2026-disenado-por-Cota-Creativa-300x225.jpeg 300w, https:\/\/cotacreativa.es\/wp-content\/uploads\/2026\/04\/Stand-de-Beurrespa-en-Salon-Gourmets-2026-disenado-por-Cota-Creativa-768x576.jpeg 768w, https:\/\/cotacreativa.es\/wp-content\/uploads\/2026\/04\/Stand-de-Beurrespa-en-Salon-Gourmets-2026-disenado-por-Cota-Creativa-1536x1152.jpeg 1536w, https:\/\/cotacreativa.es\/wp-content\/uploads\/2026\/04\/Stand-de-Beurrespa-en-Salon-Gourmets-2026-disenado-por-Cota-Creativa-600x450.jpeg 600w, https:\/\/cotacreativa.es\/wp-content\/uploads\/2026\/04\/Stand-de-Beurrespa-en-Salon-Gourmets-2026-disenado-por-Cota-Creativa.jpeg 2000w\" sizes=\"(max-width: 640px) 100vw, 640px\" \/>\t\t\t\t\t\t\t\t\t\t\t\t\t\t\t<\/div>\n\t\t\t\t<\/div>\n\t\t\t\t<\/div>\n\t\t\t\t\t<\/div>\n\t\t\t\t<\/div>\n\t\t<div class=\"elementor-element elementor-element-1470295 e-flex e-con-boxed e-con e-parent\" data-id=\"1470295\" data-element_type=\"container\">\n\t\t\t\t\t<div class=\"e-con-inner\">\n\t\t<div class=\"elementor-element elementor-element-eaa2d09 e-con-full e-flex e-con e-child\" data-id=\"eaa2d09\" data-element_type=\"container\">\n\t\t\t\t<div class=\"elementor-element elementor-element-dcb0e4e elementor-widget elementor-widget-heading\" data-id=\"dcb0e4e\" data-element_type=\"widget\" data-widget_type=\"heading.default\">\n\t\t\t\t<div class=\"elementor-widget-container\">\n\t\t\t\t\t<h3 class=\"elementor-heading-title elementor-size-default\">Estand per a Regalpack a Sal\u00f3n Gourmets 2026<\/h3>\t\t\t\t<\/div>\n\t\t\t\t<\/div>\n\t\t\t\t<div class=\"elementor-element elementor-element-d789361 elementor-widget elementor-widget-text-editor\" data-id=\"d789361\" data-element_type=\"widget\" data-widget_type=\"text-editor.default\">\n\t\t\t\t<div class=\"elementor-widget-container\">\n\t\t\t\t\t\t\t\t\t<p><a href=\"https:\/\/www.regalpack.it\/en\">Regalpack<\/a> va participar a Sal\u00f3n Gourmets 2026 amb un estand de 24 m\u00b2, orientat a mostrar les seves solucions de packaging: estoigs de fusta, estoigs de cartr\u00f3, estoigs de pell, accessoris, baguls, cistelles i safates.<\/p><p>En aquest cas, l\u2019objectiu era crear un espai pr\u00e0ctic, visualment reconeixible i molt orientat a producte. La combinaci\u00f3 del vermell corporatiu, els elements gr\u00e0fics, les zones d\u2019exposici\u00f3 i el mostrador d\u2019atenci\u00f3 va permetre construir una pres\u00e8ncia clara, directa i efectiva dins del pavell\u00f3. <\/p>\t\t\t\t\t\t\t\t<\/div>\n\t\t\t\t<\/div>\n\t\t\t\t<\/div>\n\t\t<div class=\"elementor-element elementor-element-c9fef28 e-con-full e-flex e-con e-child\" data-id=\"c9fef28\" data-element_type=\"container\">\n\t\t\t\t<div class=\"elementor-element elementor-element-5bbdfa9 elementor-widget elementor-widget-image\" data-id=\"5bbdfa9\" data-element_type=\"widget\" data-widget_type=\"image.default\">\n\t\t\t\t<div class=\"elementor-widget-container\">\n\t\t\t\t\t\t\t\t\t\t\t\t\t\t\t<img decoding=\"async\" width=\"640\" height=\"480\" src=\"https:\/\/cotacreativa.es\/wp-content\/uploads\/2026\/04\/Stand-de-Regalpack-en-IFEMA-Madrid-para-Salon-Gourmets-2026-1024x768.jpeg\" class=\"attachment-large size-large wp-image-29171\" alt=\"Stand de Regalpack en IFEMA Madrid para Sal\u00f3n Gourmets 2026\" srcset=\"https:\/\/cotacreativa.es\/wp-content\/uploads\/2026\/04\/Stand-de-Regalpack-en-IFEMA-Madrid-para-Salon-Gourmets-2026-1024x768.jpeg 1024w, https:\/\/cotacreativa.es\/wp-content\/uploads\/2026\/04\/Stand-de-Regalpack-en-IFEMA-Madrid-para-Salon-Gourmets-2026-300x225.jpeg 300w, https:\/\/cotacreativa.es\/wp-content\/uploads\/2026\/04\/Stand-de-Regalpack-en-IFEMA-Madrid-para-Salon-Gourmets-2026-768x576.jpeg 768w, https:\/\/cotacreativa.es\/wp-content\/uploads\/2026\/04\/Stand-de-Regalpack-en-IFEMA-Madrid-para-Salon-Gourmets-2026-1536x1152.jpeg 1536w, https:\/\/cotacreativa.es\/wp-content\/uploads\/2026\/04\/Stand-de-Regalpack-en-IFEMA-Madrid-para-Salon-Gourmets-2026-600x450.jpeg 600w, https:\/\/cotacreativa.es\/wp-content\/uploads\/2026\/04\/Stand-de-Regalpack-en-IFEMA-Madrid-para-Salon-Gourmets-2026.jpeg 2000w\" sizes=\"(max-width: 640px) 100vw, 640px\" \/>\t\t\t\t\t\t\t\t\t\t\t\t\t\t\t<\/div>\n\t\t\t\t<\/div>\n\t\t\t\t<\/div>\n\t\t\t\t\t<\/div>\n\t\t\t\t<\/div>\n\t\t<div class=\"elementor-element elementor-element-5a594f6 e-flex e-con-boxed e-con e-parent\" data-id=\"5a594f6\" data-element_type=\"container\">\n\t\t\t\t\t<div class=\"e-con-inner\">\n\t\t<div class=\"elementor-element elementor-element-3197f93 e-con-full e-flex e-con e-child\" data-id=\"3197f93\" data-element_type=\"container\">\n\t\t\t\t<div class=\"elementor-element elementor-element-c3bd9f5 elementor-widget elementor-widget-heading\" data-id=\"c3bd9f5\" data-element_type=\"widget\" data-widget_type=\"heading.default\">\n\t\t\t\t<div class=\"elementor-widget-container\">\n\t\t\t\t\t<h3 class=\"elementor-heading-title elementor-size-default\">Estand per a Bodegas Habla a Sal\u00f3n Gourmets 2026<\/h3>\t\t\t\t<\/div>\n\t\t\t\t<\/div>\n\t\t\t\t<div class=\"elementor-element elementor-element-53e8470 elementor-widget elementor-widget-text-editor\" data-id=\"53e8470\" data-element_type=\"widget\" data-widget_type=\"text-editor.default\">\n\t\t\t\t<div class=\"elementor-widget-container\">\n\t\t\t\t\t\t\t\t\t<p>El projecte de <a href=\"https:\/\/www.bodegashabla.com\/\">Bodegas Habla <\/a>requeria un enfocament m\u00e9s experiencial i premium. Per al seu estand de 54 m\u00b2, es va treballar una soluci\u00f3 amb una est\u00e8tica s\u00f2bria, elegant i molt marcada, on el color negre, la il\u00b7luminaci\u00f3, els elements gr\u00e0fics retroil\u00b7luminats i la composici\u00f3 interior ajudaven a refor\u00e7ar la identitat de la marca. <\/p><p>L\u2019espai combinava zones d\u2019atenci\u00f3, \u00e0rees de reuni\u00f3 i una presentaci\u00f3 visual potent del producte, generant un ambient m\u00e9s immersiu i alineat amb el posicionament del celler.<\/p>\t\t\t\t\t\t\t\t<\/div>\n\t\t\t\t<\/div>\n\t\t\t\t<\/div>\n\t\t<div class=\"elementor-element elementor-element-16a9274 e-con-full e-flex e-con e-child\" data-id=\"16a9274\" data-element_type=\"container\">\n\t\t\t\t<div class=\"elementor-element elementor-element-96b6107 elementor-widget elementor-widget-image\" data-id=\"96b6107\" data-element_type=\"widget\" data-widget_type=\"image.default\">\n\t\t\t\t<div class=\"elementor-widget-container\">\n\t\t\t\t\t\t\t\t\t\t\t\t\t\t\t<img decoding=\"async\" width=\"640\" height=\"480\" src=\"https:\/\/cotacreativa.es\/wp-content\/uploads\/2026\/04\/Stand-de-Bodegas-Habla-en-Salon-Gourmets-2026-1024x768.jpeg\" class=\"attachment-large size-large wp-image-29177\" alt=\"Stand de Bodegas Habla en Sal\u00f3n Gourmets 2026\" srcset=\"https:\/\/cotacreativa.es\/wp-content\/uploads\/2026\/04\/Stand-de-Bodegas-Habla-en-Salon-Gourmets-2026-1024x768.jpeg 1024w, https:\/\/cotacreativa.es\/wp-content\/uploads\/2026\/04\/Stand-de-Bodegas-Habla-en-Salon-Gourmets-2026-300x225.jpeg 300w, https:\/\/cotacreativa.es\/wp-content\/uploads\/2026\/04\/Stand-de-Bodegas-Habla-en-Salon-Gourmets-2026-768x576.jpeg 768w, https:\/\/cotacreativa.es\/wp-content\/uploads\/2026\/04\/Stand-de-Bodegas-Habla-en-Salon-Gourmets-2026-1536x1152.jpeg 1536w, https:\/\/cotacreativa.es\/wp-content\/uploads\/2026\/04\/Stand-de-Bodegas-Habla-en-Salon-Gourmets-2026-600x450.jpeg 600w, https:\/\/cotacreativa.es\/wp-content\/uploads\/2026\/04\/Stand-de-Bodegas-Habla-en-Salon-Gourmets-2026.jpeg 2040w\" sizes=\"(max-width: 640px) 100vw, 640px\" \/>\t\t\t\t\t\t\t\t\t\t\t\t\t\t\t<\/div>\n\t\t\t\t<\/div>\n\t\t\t\t<\/div>\n\t\t\t\t\t<\/div>\n\t\t\t\t<\/div>\n\t\t<div class=\"elementor-element elementor-element-431d91f e-flex e-con-boxed e-con e-parent\" data-id=\"431d91f\" data-element_type=\"container\">\n\t\t\t\t\t<div class=\"e-con-inner\">\n\t\t\t\t<div class=\"elementor-element elementor-element-d0969d3 elementor-widget elementor-widget-heading\" data-id=\"d0969d3\" data-element_type=\"widget\" data-widget_type=\"heading.default\">\n\t\t\t\t<div class=\"elementor-widget-container\">\n\t\t\t\t\t<h3 class=\"elementor-heading-title elementor-size-default\">Disseny d\u2019estands a IFEMA Madrid amb enfocament comercial<\/h3>\t\t\t\t<\/div>\n\t\t\t\t<\/div>\n\t\t\t\t<div class=\"elementor-element elementor-element-fbb14b5 elementor-widget elementor-widget-text-editor\" data-id=\"fbb14b5\" data-element_type=\"widget\" data-widget_type=\"text-editor.default\">\n\t\t\t\t<div class=\"elementor-widget-container\">\n\t\t\t\t\t\t\t\t\t<p>Participar en una fira com Sal\u00f3n Gourmets exigeix molt m\u00e9s que una bona imatge. El disseny de l\u2019estand ha de respondre a objectius concrets: visibilitat, circulaci\u00f3, exposici\u00f3 de producte, reunions comercials, emmagatzematge, il\u00b7luminaci\u00f3, retolaci\u00f3, muntatge eficient i compliment de la normativa t\u00e8cnica del recinte. <\/p><p>A Cota Creativa desenvolupem <a href=\"https:\/\/www.cotacreativa.com\/estands-de-diseno\/\">estands personalitzats<\/a> per a fires professionals a IFEMA Madrid i altres recintes nacionals i internacionals, cuidant tant el disseny com la producci\u00f3, la coordinaci\u00f3 t\u00e8cnica, el muntatge i el lliurament final.<\/p><p>La nostra feina consisteix a convertir les necessitats de cada expositor en un espai real, operatiu i preparat per funcionar durant tota la fira.<\/p><p>Gr\u00e0cies a Beurrespa, Regalpack i Bodegas Habla per confiar en Cota Creativa per a la seva participaci\u00f3 a Sal\u00f3n Gourmets 2026.<\/p><p>Si la seva empresa participar\u00e0 a Sal\u00f3n Gourmets, Alimentaria, Fruit Attraction, Seafood Expo Global o una altra fira professional, <a href=\"https:\/\/www.cotacreativa.com\/contacto\/\">podem ajudar-lo a dissenyar i produir un estand <\/a>adaptat als seus objectius comercials.<\/p><p><b>Cota Creativa, disseny i <a href=\"https:\/\/www.cotacreativa.com\/servicios\/\">muntatge d\u2019estands <\/a>per a fires nacionals i internacionals.<\/b><\/p>\t\t\t\t\t\t\t\t<\/div>\n\t\t\t\t<\/div>\n\t\t\t\t\t<\/div>\n\t\t\t\t<\/div>\n\t\t\t\t<\/div>\n\t\t","protected":false},"excerpt":{"rendered":"<p>Sal\u00f3n Gourmets 2026 va tornar a convertir IFEMA Madrid en un dels principals punts de trobada professional per al sector de l\u2019alimentaci\u00f3 i les begudes d\u2019alta qualitat. Una fira on productors, distribu\u00efdors, importadors, compradors, empreses de packaging, cellers i marques&#8230;<\/p>\n","protected":false},"author":3,"featured_media":29183,"comment_status":"open","ping_status":"open","sticky":false,"template":"","format":"standard","meta":{"footnotes":""},"categories":[55],"tags":[],"class_list":["post-29245","post","type-post","status-publish","format-standard","has-post-thumbnail","hentry","category-eventos-espana"],"yoast_head":"<!-- This site is optimized with the Yoast SEO plugin v27.0 - https:\/\/yoast.com\/product\/yoast-seo-wordpress\/ -->\n<title>Disseny i muntatge d\u2019estands per a Sal\u00f3n Gourmets 2026 | Cota Creativa<\/title>\n<meta name=\"description\" content=\"Cota Creativa dissenya i munta estands personalitzats per a Sal\u00f3n Gourmets 2026 a IFEMA Madrid. Projectes per a Beurrespa, Regalpack i Bodegas Habla.\" \/>\n<meta name=\"robots\" content=\"index, follow, max-snippet:-1, max-image-preview:large, max-video-preview:-1\" \/>\n<link rel=\"canonical\" href=\"https:\/\/cotacreativa.es\/ca\/2026\/04\/28\/disseny-i-muntatge-destands-per-a-salon-gourmets-2026-a-ifema-madrid\/\" \/>\n<meta property=\"og:locale\" content=\"ca_ES\" \/>\n<meta property=\"og:type\" content=\"article\" \/>\n<meta property=\"og:title\" content=\"Disseny i muntatge d\u2019estands per a Sal\u00f3n Gourmets 2026 | Cota Creativa\" \/>\n<meta property=\"og:description\" content=\"Cota Creativa dissenya i munta estands personalitzats per a Sal\u00f3n Gourmets 2026 a IFEMA Madrid. Projectes per a Beurrespa, Regalpack i Bodegas Habla.\" \/>\n<meta property=\"og:url\" content=\"https:\/\/cotacreativa.es\/ca\/2026\/04\/28\/disseny-i-muntatge-destands-per-a-salon-gourmets-2026-a-ifema-madrid\/\" \/>\n<meta property=\"og:site_name\" content=\"Cotacreativa\" \/>\n<meta property=\"article:published_time\" content=\"2026-04-28T07:12:41+00:00\" \/>\n<meta property=\"article:modified_time\" content=\"2026-04-28T08:02:44+00:00\" \/>\n<meta property=\"og:image\" content=\"https:\/\/cotacreativa.es\/wp-content\/uploads\/2026\/04\/Diseno-de-stand-personalizado-para-feria-gourmet-en-Madrid.jpg\" \/>\n\t<meta property=\"og:image:width\" content=\"1440\" \/>\n\t<meta property=\"og:image:height\" content=\"960\" \/>\n\t<meta property=\"og:image:type\" content=\"image\/jpeg\" \/>\n<meta name=\"author\" content=\"info@nivelz.com\" \/>\n<meta name=\"twitter:card\" content=\"summary_large_image\" \/>\n<meta name=\"twitter:label1\" content=\"Escrit per\" \/>\n\t<meta name=\"twitter:data1\" content=\"info@nivelz.com\" \/>\n\t<meta name=\"twitter:label2\" content=\"Temps estimat de lectura\" \/>\n\t<meta name=\"twitter:data2\" content=\"3 minuts\" \/>\n<script type=\"application\/ld+json\" class=\"yoast-schema-graph\">{\"@context\":\"https:\/\/schema.org\",\"@graph\":[{\"@type\":\"Article\",\"@id\":\"https:\/\/cotacreativa.es\/ca\/2026\/04\/28\/disseny-i-muntatge-destands-per-a-salon-gourmets-2026-a-ifema-madrid\/#article\",\"isPartOf\":{\"@id\":\"https:\/\/cotacreativa.es\/ca\/2026\/04\/28\/disseny-i-muntatge-destands-per-a-salon-gourmets-2026-a-ifema-madrid\/\"},\"author\":{\"name\":\"info@nivelz.com\",\"@id\":\"https:\/\/cotacreativa.es\/#\/schema\/person\/5e2096394d6540da28f2efda30602b36\"},\"headline\":\"Disseny i muntatge d\u2019estands per a Sal\u00f3n Gourmets 2026 a IFEMA Madrid\",\"datePublished\":\"2026-04-28T07:12:41+00:00\",\"dateModified\":\"2026-04-28T08:02:44+00:00\",\"mainEntityOfPage\":{\"@id\":\"https:\/\/cotacreativa.es\/ca\/2026\/04\/28\/disseny-i-muntatge-destands-per-a-salon-gourmets-2026-a-ifema-madrid\/\"},\"wordCount\":710,\"commentCount\":0,\"image\":{\"@id\":\"https:\/\/cotacreativa.es\/ca\/2026\/04\/28\/disseny-i-muntatge-destands-per-a-salon-gourmets-2026-a-ifema-madrid\/#primaryimage\"},\"thumbnailUrl\":\"https:\/\/cotacreativa.es\/wp-content\/uploads\/2026\/04\/Diseno-de-stand-personalizado-para-feria-gourmet-en-Madrid.jpg\",\"articleSection\":[\"Eventos Espa\u00f1a\"],\"inLanguage\":\"ca\",\"potentialAction\":[{\"@type\":\"CommentAction\",\"name\":\"Comment\",\"target\":[\"https:\/\/cotacreativa.es\/ca\/2026\/04\/28\/disseny-i-muntatge-destands-per-a-salon-gourmets-2026-a-ifema-madrid\/#respond\"]}]},{\"@type\":\"WebPage\",\"@id\":\"https:\/\/cotacreativa.es\/ca\/2026\/04\/28\/disseny-i-muntatge-destands-per-a-salon-gourmets-2026-a-ifema-madrid\/\",\"url\":\"https:\/\/cotacreativa.es\/ca\/2026\/04\/28\/disseny-i-muntatge-destands-per-a-salon-gourmets-2026-a-ifema-madrid\/\",\"name\":\"Disseny i muntatge d\u2019estands per a Sal\u00f3n Gourmets 2026 | Cota Creativa\",\"isPartOf\":{\"@id\":\"https:\/\/cotacreativa.es\/#website\"},\"primaryImageOfPage\":{\"@id\":\"https:\/\/cotacreativa.es\/ca\/2026\/04\/28\/disseny-i-muntatge-destands-per-a-salon-gourmets-2026-a-ifema-madrid\/#primaryimage\"},\"image\":{\"@id\":\"https:\/\/cotacreativa.es\/ca\/2026\/04\/28\/disseny-i-muntatge-destands-per-a-salon-gourmets-2026-a-ifema-madrid\/#primaryimage\"},\"thumbnailUrl\":\"https:\/\/cotacreativa.es\/wp-content\/uploads\/2026\/04\/Diseno-de-stand-personalizado-para-feria-gourmet-en-Madrid.jpg\",\"datePublished\":\"2026-04-28T07:12:41+00:00\",\"dateModified\":\"2026-04-28T08:02:44+00:00\",\"author\":{\"@id\":\"https:\/\/cotacreativa.es\/#\/schema\/person\/5e2096394d6540da28f2efda30602b36\"},\"description\":\"Cota Creativa dissenya i munta estands personalitzats per a Sal\u00f3n Gourmets 2026 a IFEMA Madrid. Projectes per a Beurrespa, Regalpack i Bodegas Habla.\",\"breadcrumb\":{\"@id\":\"https:\/\/cotacreativa.es\/ca\/2026\/04\/28\/disseny-i-muntatge-destands-per-a-salon-gourmets-2026-a-ifema-madrid\/#breadcrumb\"},\"inLanguage\":\"ca\",\"potentialAction\":[{\"@type\":\"ReadAction\",\"target\":[\"https:\/\/cotacreativa.es\/ca\/2026\/04\/28\/disseny-i-muntatge-destands-per-a-salon-gourmets-2026-a-ifema-madrid\/\"]}]},{\"@type\":\"ImageObject\",\"inLanguage\":\"ca\",\"@id\":\"https:\/\/cotacreativa.es\/ca\/2026\/04\/28\/disseny-i-muntatge-destands-per-a-salon-gourmets-2026-a-ifema-madrid\/#primaryimage\",\"url\":\"https:\/\/cotacreativa.es\/wp-content\/uploads\/2026\/04\/Diseno-de-stand-personalizado-para-feria-gourmet-en-Madrid.jpg\",\"contentUrl\":\"https:\/\/cotacreativa.es\/wp-content\/uploads\/2026\/04\/Diseno-de-stand-personalizado-para-feria-gourmet-en-Madrid.jpg\",\"width\":1440,\"height\":960,\"caption\":\"Dise\u00f1o de stand personalizado para feria gourmet en Madrid\"},{\"@type\":\"BreadcrumbList\",\"@id\":\"https:\/\/cotacreativa.es\/ca\/2026\/04\/28\/disseny-i-muntatge-destands-per-a-salon-gourmets-2026-a-ifema-madrid\/#breadcrumb\",\"itemListElement\":[{\"@type\":\"ListItem\",\"position\":1,\"name\":\"Portada\",\"item\":\"https:\/\/cotacreativa.es\/ca\/\"},{\"@type\":\"ListItem\",\"position\":2,\"name\":\"Disseny i muntatge d\u2019estands per a Sal\u00f3n Gourmets 2026 a IFEMA Madrid\"}]},{\"@type\":\"WebSite\",\"@id\":\"https:\/\/cotacreativa.es\/#website\",\"url\":\"https:\/\/cotacreativa.es\/\",\"name\":\"Cotacreativa\",\"description\":\"Construcci\u00f3n y montaje de stands y espacios comerciales\",\"potentialAction\":[{\"@type\":\"SearchAction\",\"target\":{\"@type\":\"EntryPoint\",\"urlTemplate\":\"https:\/\/cotacreativa.es\/?s={search_term_string}\"},\"query-input\":{\"@type\":\"PropertyValueSpecification\",\"valueRequired\":true,\"valueName\":\"search_term_string\"}}],\"inLanguage\":\"ca\"},{\"@type\":\"Person\",\"@id\":\"https:\/\/cotacreativa.es\/#\/schema\/person\/5e2096394d6540da28f2efda30602b36\",\"name\":\"info@nivelz.com\",\"url\":\"https:\/\/cotacreativa.es\/ca\/author\/infonivelz-com\/\"}]}<\/script>\n<!-- \/ Yoast SEO plugin. -->","yoast_head_json":{"title":"Disseny i muntatge d\u2019estands per a Sal\u00f3n Gourmets 2026 | Cota Creativa","description":"Cota Creativa dissenya i munta estands personalitzats per a Sal\u00f3n Gourmets 2026 a IFEMA Madrid. Projectes per a Beurrespa, Regalpack i Bodegas Habla.","robots":{"index":"index","follow":"follow","max-snippet":"max-snippet:-1","max-image-preview":"max-image-preview:large","max-video-preview":"max-video-preview:-1"},"canonical":"https:\/\/cotacreativa.es\/ca\/2026\/04\/28\/disseny-i-muntatge-destands-per-a-salon-gourmets-2026-a-ifema-madrid\/","og_locale":"ca_ES","og_type":"article","og_title":"Disseny i muntatge d\u2019estands per a Sal\u00f3n Gourmets 2026 | Cota Creativa","og_description":"Cota Creativa dissenya i munta estands personalitzats per a Sal\u00f3n Gourmets 2026 a IFEMA Madrid. Projectes per a Beurrespa, Regalpack i Bodegas Habla.","og_url":"https:\/\/cotacreativa.es\/ca\/2026\/04\/28\/disseny-i-muntatge-destands-per-a-salon-gourmets-2026-a-ifema-madrid\/","og_site_name":"Cotacreativa","article_published_time":"2026-04-28T07:12:41+00:00","article_modified_time":"2026-04-28T08:02:44+00:00","og_image":[{"width":1440,"height":960,"url":"https:\/\/cotacreativa.es\/wp-content\/uploads\/2026\/04\/Diseno-de-stand-personalizado-para-feria-gourmet-en-Madrid.jpg","type":"image\/jpeg"}],"author":"info@nivelz.com","twitter_card":"summary_large_image","twitter_misc":{"Escrit per":"info@nivelz.com","Temps estimat de lectura":"3 minuts"},"schema":{"@context":"https:\/\/schema.org","@graph":[{"@type":"Article","@id":"https:\/\/cotacreativa.es\/ca\/2026\/04\/28\/disseny-i-muntatge-destands-per-a-salon-gourmets-2026-a-ifema-madrid\/#article","isPartOf":{"@id":"https:\/\/cotacreativa.es\/ca\/2026\/04\/28\/disseny-i-muntatge-destands-per-a-salon-gourmets-2026-a-ifema-madrid\/"},"author":{"name":"info@nivelz.com","@id":"https:\/\/cotacreativa.es\/#\/schema\/person\/5e2096394d6540da28f2efda30602b36"},"headline":"Disseny i muntatge d\u2019estands per a Sal\u00f3n Gourmets 2026 a IFEMA Madrid","datePublished":"2026-04-28T07:12:41+00:00","dateModified":"2026-04-28T08:02:44+00:00","mainEntityOfPage":{"@id":"https:\/\/cotacreativa.es\/ca\/2026\/04\/28\/disseny-i-muntatge-destands-per-a-salon-gourmets-2026-a-ifema-madrid\/"},"wordCount":710,"commentCount":0,"image":{"@id":"https:\/\/cotacreativa.es\/ca\/2026\/04\/28\/disseny-i-muntatge-destands-per-a-salon-gourmets-2026-a-ifema-madrid\/#primaryimage"},"thumbnailUrl":"https:\/\/cotacreativa.es\/wp-content\/uploads\/2026\/04\/Diseno-de-stand-personalizado-para-feria-gourmet-en-Madrid.jpg","articleSection":["Eventos Espa\u00f1a"],"inLanguage":"ca","potentialAction":[{"@type":"CommentAction","name":"Comment","target":["https:\/\/cotacreativa.es\/ca\/2026\/04\/28\/disseny-i-muntatge-destands-per-a-salon-gourmets-2026-a-ifema-madrid\/#respond"]}]},{"@type":"WebPage","@id":"https:\/\/cotacreativa.es\/ca\/2026\/04\/28\/disseny-i-muntatge-destands-per-a-salon-gourmets-2026-a-ifema-madrid\/","url":"https:\/\/cotacreativa.es\/ca\/2026\/04\/28\/disseny-i-muntatge-destands-per-a-salon-gourmets-2026-a-ifema-madrid\/","name":"Disseny i muntatge d\u2019estands per a Sal\u00f3n Gourmets 2026 | Cota Creativa","isPartOf":{"@id":"https:\/\/cotacreativa.es\/#website"},"primaryImageOfPage":{"@id":"https:\/\/cotacreativa.es\/ca\/2026\/04\/28\/disseny-i-muntatge-destands-per-a-salon-gourmets-2026-a-ifema-madrid\/#primaryimage"},"image":{"@id":"https:\/\/cotacreativa.es\/ca\/2026\/04\/28\/disseny-i-muntatge-destands-per-a-salon-gourmets-2026-a-ifema-madrid\/#primaryimage"},"thumbnailUrl":"https:\/\/cotacreativa.es\/wp-content\/uploads\/2026\/04\/Diseno-de-stand-personalizado-para-feria-gourmet-en-Madrid.jpg","datePublished":"2026-04-28T07:12:41+00:00","dateModified":"2026-04-28T08:02:44+00:00","author":{"@id":"https:\/\/cotacreativa.es\/#\/schema\/person\/5e2096394d6540da28f2efda30602b36"},"description":"Cota Creativa dissenya i munta estands personalitzats per a Sal\u00f3n Gourmets 2026 a IFEMA Madrid. Projectes per a Beurrespa, Regalpack i Bodegas Habla.","breadcrumb":{"@id":"https:\/\/cotacreativa.es\/ca\/2026\/04\/28\/disseny-i-muntatge-destands-per-a-salon-gourmets-2026-a-ifema-madrid\/#breadcrumb"},"inLanguage":"ca","potentialAction":[{"@type":"ReadAction","target":["https:\/\/cotacreativa.es\/ca\/2026\/04\/28\/disseny-i-muntatge-destands-per-a-salon-gourmets-2026-a-ifema-madrid\/"]}]},{"@type":"ImageObject","inLanguage":"ca","@id":"https:\/\/cotacreativa.es\/ca\/2026\/04\/28\/disseny-i-muntatge-destands-per-a-salon-gourmets-2026-a-ifema-madrid\/#primaryimage","url":"https:\/\/cotacreativa.es\/wp-content\/uploads\/2026\/04\/Diseno-de-stand-personalizado-para-feria-gourmet-en-Madrid.jpg","contentUrl":"https:\/\/cotacreativa.es\/wp-content\/uploads\/2026\/04\/Diseno-de-stand-personalizado-para-feria-gourmet-en-Madrid.jpg","width":1440,"height":960,"caption":"Dise\u00f1o de stand personalizado para feria gourmet en Madrid"},{"@type":"BreadcrumbList","@id":"https:\/\/cotacreativa.es\/ca\/2026\/04\/28\/disseny-i-muntatge-destands-per-a-salon-gourmets-2026-a-ifema-madrid\/#breadcrumb","itemListElement":[{"@type":"ListItem","position":1,"name":"Portada","item":"https:\/\/cotacreativa.es\/ca\/"},{"@type":"ListItem","position":2,"name":"Disseny i muntatge d\u2019estands per a Sal\u00f3n Gourmets 2026 a IFEMA Madrid"}]},{"@type":"WebSite","@id":"https:\/\/cotacreativa.es\/#website","url":"https:\/\/cotacreativa.es\/","name":"Cotacreativa","description":"Construcci\u00f3n y montaje de stands y espacios comerciales","potentialAction":[{"@type":"SearchAction","target":{"@type":"EntryPoint","urlTemplate":"https:\/\/cotacreativa.es\/?s={search_term_string}"},"query-input":{"@type":"PropertyValueSpecification","valueRequired":true,"valueName":"search_term_string"}}],"inLanguage":"ca"},{"@type":"Person","@id":"https:\/\/cotacreativa.es\/#\/schema\/person\/5e2096394d6540da28f2efda30602b36","name":"info@nivelz.com","url":"https:\/\/cotacreativa.es\/ca\/author\/infonivelz-com\/"}]}},"_links":{"self":[{"href":"https:\/\/cotacreativa.es\/ca\/wp-json\/wp\/v2\/posts\/29245","targetHints":{"allow":["GET"]}}],"collection":[{"href":"https:\/\/cotacreativa.es\/ca\/wp-json\/wp\/v2\/posts"}],"about":[{"href":"https:\/\/cotacreativa.es\/ca\/wp-json\/wp\/v2\/types\/post"}],"author":[{"embeddable":true,"href":"https:\/\/cotacreativa.es\/ca\/wp-json\/wp\/v2\/users\/3"}],"replies":[{"embeddable":true,"href":"https:\/\/cotacreativa.es\/ca\/wp-json\/wp\/v2\/comments?post=29245"}],"version-history":[{"count":1,"href":"https:\/\/cotacreativa.es\/ca\/wp-json\/wp\/v2\/posts\/29245\/revisions"}],"predecessor-version":[{"id":29246,"href":"https:\/\/cotacreativa.es\/ca\/wp-json\/wp\/v2\/posts\/29245\/revisions\/29246"}],"wp:featuredmedia":[{"embeddable":true,"href":"https:\/\/cotacreativa.es\/ca\/wp-json\/wp\/v2\/media\/29183"}],"wp:attachment":[{"href":"https:\/\/cotacreativa.es\/ca\/wp-json\/wp\/v2\/media?parent=29245"}],"wp:term":[{"taxonomy":"category","embeddable":true,"href":"https:\/\/cotacreativa.es\/ca\/wp-json\/wp\/v2\/categories?post=29245"},{"taxonomy":"post_tag","embeddable":true,"href":"https:\/\/cotacreativa.es\/ca\/wp-json\/wp\/v2\/tags?post=29245"}],"curies":[{"name":"wp","href":"https:\/\/api.w.org\/{rel}","templated":true}]}}