{"id":3337,"date":"2026-05-13T12:09:15","date_gmt":"2026-05-13T10:09:15","guid":{"rendered":"https:\/\/cotacreativa.es\/2026\/05\/13\/disseny-i-muntatge-destands-per-a-advanced-factories-2026-a-barcelona\/"},"modified":"2026-06-18T10:08:04","modified_gmt":"2026-06-18T08:08:04","slug":"disseny-i-muntatge-destands-per-a-advanced-factories-2026-a-barcelona","status":"publish","type":"post","link":"https:\/\/cotacreativa.es\/ca\/2026\/05\/13\/disseny-i-muntatge-destands-per-a-advanced-factories-2026-a-barcelona\/","title":{"rendered":"Disseny i muntatge d\u2019estands per a Advanced Factories 2026 a Barcelona"},"content":{"rendered":"<p>[et_pb_section fb_built=\u00bb1&#8243; _builder_version=\u00bb4.27.4&#8243; _module_preset=\u00bbdefault\u00bb background_color=\u00bb#065350&#8243; locked=\u00bboff\u00bb global_colors_info=\u00bb{}\u00bb][et_pb_row _builder_version=\u00bb4.27.4&#8243; _module_preset=\u00bbdefault\u00bb hover_enabled=\u00bb0&#8243; global_colors_info=\u00bb{}\u00bb sticky_enabled=\u00bb0&#8243;][et_pb_column type=\u00bb4_4&#8243; _builder_version=\u00bb4.27.4&#8243; _module_preset=\u00bbdefault\u00bb global_colors_info=\u00bb{}\u00bb][et_pb_post_title meta=\u00bboff\u00bb featured_image=\u00bboff\u00bb _builder_version=\u00bb4.27.4&#8243; _module_preset=\u00bbdefault\u00bb title_font=\u00bb|700|||||||\u00bb title_text_color=\u00bb#FFFFFF\u00bb text_orientation=\u00bbcenter\u00bb global_colors_info=\u00bb{}\u00bb][\/et_pb_post_title][\/et_pb_column][\/et_pb_row][\/et_pb_section][et_pb_section fb_built=\u00bb1&#8243; _builder_version=\u00bb4.27.4&#8243; _module_preset=\u00bbdefault\u00bb custom_margin=\u00bb0px||0px||true|false\u00bb custom_padding=\u00bb0px||0px||true|false\u00bb global_colors_info=\u00bb{}\u00bb locked=\u00bboff\u00bb][et_pb_row _builder_version=\u00bb4.27.4&#8243; _module_preset=\u00bbdefault\u00bb global_colors_info=\u00bb{}\u00bb][et_pb_column type=\u00bb4_4&#8243; _builder_version=\u00bb4.27.4&#8243; _module_preset=\u00bbdefault\u00bb global_colors_info=\u00bb{}\u00bb][et_pb_post_title title=\u00bboff\u00bb meta=\u00bboff\u00bb admin_label=\u00bbT\u00edtulo de publicaci\u00f3n\u00bb _builder_version=\u00bb4.27.4&#8243; _module_preset=\u00bbdefault\u00bb global_colors_info=\u00bb{}\u00bb][\/et_pb_post_title][\/et_pb_column][\/et_pb_row][\/et_pb_section][et_pb_section fb_built=\u00bb1&#8243; _builder_version=\u00bb4.27.4&#8243; _module_preset=\u00bbdefault\u00bb global_colors_info=\u00bb{}\u00bb][et_pb_row _builder_version=\u00bb4.27.4&#8243; _module_preset=\u00bbdefault\u00bb custom_padding=\u00bb0px||0px||true|false\u00bb global_colors_info=\u00bb{}\u00bb][et_pb_column type=\u00bb4_4&#8243; _builder_version=\u00bb4.27.4&#8243; _module_preset=\u00bbdefault\u00bb global_colors_info=\u00bb{}\u00bb][et_pb_text _builder_version=\u00bb4.27.4&#8243; _module_preset=\u00bbdefault\u00bb text_font=\u00bbMontserrat||||||||\u00bb text_text_color=\u00bb#3a3a3a\u00bb text_line_height=\u00bb1.8em\u00bb link_font=\u00bbMontserrat||||||||\u00bb link_text_color=\u00bb#00a996&#8243; header_font=\u00bbMontserrat|600|||||||\u00bb header_text_color=\u00bb#00a996&#8243; header_2_font=\u00bbMontserrat|600|||||||\u00bb header_2_text_color=\u00bb#00a996&#8243; header_2_line_height=\u00bb2em\u00bb header_3_font=\u00bb&#8211;et_global_heading_font|600|||||||\u00bb header_3_text_color=\u00bb#00a996&#8243; header_3_line_height=\u00bb1.5em\u00bb min_height=\u00bb798.8px\u00bb custom_padding=\u00bb||||true\u00bb global_colors_info=\u00bb{}\u00bb]<\/p>\n<div class=\"elementor-element elementor-element-0d9d3a9 elementor-widget elementor-widget-text-editor\" data-id=\"0d9d3a9\" data-element_type=\"widget\" data-widget_type=\"text-editor.default\">\n<div class=\"elementor-widget-container\">\n<div data-elementor-type=\"single-post\" data-elementor-id=\"15878\" class=\"elementor elementor-15878 elementor-location-single post-21067 post type-post status-publish format-standard has-post-thumbnail hentry category-eventos-espana\" data-elementor-post-type=\"elementor_library\">\n<div class=\"elementor-element elementor-element-88679f6 e-flex e-con-boxed e-con e-parent e-lazyloaded\" data-id=\"88679f6\" data-element_type=\"container\">\n<div class=\"e-con-inner\">\n<div class=\"elementor-element elementor-element-7c607d6 elementor-widget elementor-widget-theme-post-content\" data-id=\"7c607d6\" data-element_type=\"widget\" data-widget_type=\"theme-post-content.default\">\n<div class=\"elementor-widget-container\">\n<div data-elementor-type=\"wp-post\" data-elementor-id=\"21067\" class=\"elementor elementor-21067\" data-elementor-post-type=\"post\">\n<div class=\"elementor-element elementor-element-f73205f e-flex e-con-boxed e-con e-parent e-lazyloaded\" data-id=\"f73205f\" data-element_type=\"container\">\n<div class=\"e-con-inner\">\n<div class=\"elementor-element elementor-element-eea4343 elementor-widget elementor-widget-heading\" data-id=\"eea4343\" data-element_type=\"widget\" data-widget_type=\"heading.default\">\n<div class=\"elementor-widget-container\">\n<div class=\"elementor-element elementor-element-9864f69 elementor-widget elementor-widget-text-editor\" data-id=\"9864f69\" data-element_type=\"widget\" data-widget_type=\"text-editor.default\">\n<div class=\"elementor-widget-container\">\n<div data-elementor-type=\"single-post\" data-elementor-id=\"15878\" class=\"elementor elementor-15878 elementor-location-single post-27573 post type-post status-publish format-standard has-post-thumbnail hentry category-espana-2026 category-eventos-espana\" data-elementor-post-type=\"elementor_library\">\n<div class=\"elementor-element elementor-element-88679f6 e-flex e-con-boxed e-con e-parent e-lazyloaded\" data-id=\"88679f6\" data-element_type=\"container\">\n<div class=\"e-con-inner\">\n<div class=\"elementor-element elementor-element-7c607d6 elementor-widget elementor-widget-theme-post-content\" data-id=\"7c607d6\" data-element_type=\"widget\" data-widget_type=\"theme-post-content.default\">\n<div class=\"elementor-widget-container\">\n<div data-elementor-type=\"wp-post\" data-elementor-id=\"27573\" class=\"elementor elementor-27573\" data-elementor-post-type=\"post\">\n<div class=\"elementor-element elementor-element-665a3e4 e-flex e-con-boxed e-con e-parent e-lazyloaded\" data-id=\"665a3e4\" data-element_type=\"container\">\n<div class=\"e-con-inner\">\n<div class=\"elementor-element elementor-element-4f943280 h3-color elementor-widget elementor-widget-text-editor\" data-id=\"4f943280\" data-element_type=\"widget\" data-widget_type=\"text-editor.default\">\n<div class=\"elementor-widget-container\">\n<div data-elementor-type=\"single-post\" data-elementor-id=\"15878\" class=\"elementor elementor-15878 elementor-location-single post-27595 post type-post status-publish format-standard has-post-thumbnail hentry category-espana-2026 category-eventos-espana\" data-elementor-post-type=\"elementor_library\">\n<div class=\"elementor-element elementor-element-88679f6 e-flex e-con-boxed e-con e-parent e-lazyloaded\" data-id=\"88679f6\" data-element_type=\"container\">\n<div class=\"e-con-inner\">\n<div class=\"elementor-element elementor-element-7c607d6 elementor-widget elementor-widget-theme-post-content\" data-id=\"7c607d6\" data-element_type=\"widget\" data-widget_type=\"theme-post-content.default\">\n<div class=\"elementor-widget-container\">\n<div class=\"elementor-element elementor-element-6fac6e9 elementor-widget elementor-widget-text-editor\" data-id=\"6fac6e9\" data-element_type=\"widget\" data-widget_type=\"text-editor.default\">\n<div class=\"elementor-widget-container\">\n<div class=\"elementor-element elementor-element-9aa8eeb elementor-widget elementor-widget-heading\" data-id=\"9aa8eeb\" data-element_type=\"widget\" data-widget_type=\"heading.default\">\n<div class=\"elementor-widget-container\">\n<h3 class=\"elementor-heading-title elementor-size-default\">Advanced Factories 2026, una fira clau per a la ind\u00fastria 4.0<\/h3>\n<\/div>\n<\/div>\n<div class=\"elementor-element elementor-element-6fac6e9 elementor-widget elementor-widget-text-editor\" data-id=\"6fac6e9\" data-element_type=\"widget\" data-widget_type=\"text-editor.default\">\n<div class=\"elementor-widget-container\">\n<p><a href=\"https:\/\/www.advancedfactories.com\/?utm_source=chatgpt.com\">Advanced Factories 2026<\/a> se celebra a <a href=\"https:\/\/www.firabarcelona.com\/en\/gran-via\/?utm_source=chatgpt.com\">Fira Barcelona Gran Via<\/a> i torna a reunir empreses vinculades a l\u2019automatitzaci\u00f3 industrial, la rob\u00f2tica, la digitalitzaci\u00f3, la intel\u00b7lig\u00e8ncia artificial, la fabricaci\u00f3 avan\u00e7ada i la ind\u00fastria 4.0.<\/p>\n<p>La fira s\u2019ha consolidat com una de les trobades professionals m\u00e9s rellevants per a fabricants, enginyeries, responsables de producci\u00f3, departaments t\u00e8cnics, integradors, prove\u00efdors industrials i empreses que volen millorar els seus processos productius.<\/p>\n<p>En aquest context, l\u2019estand es converteix en una eina comercial fonamental. No es tracta nom\u00e9s de tenir pres\u00e8ncia a la fira, sin\u00f3 de construir un espai que ajudi a explicar la proposta de valor, atraure visitants qualificats i generar converses de negoci. <\/p>\n<\/div>\n<\/div>\n<div class=\"elementor-element elementor-element-3b0e174 elementor-widget elementor-widget-heading\" data-id=\"3b0e174\" data-element_type=\"widget\" data-widget_type=\"heading.default\">\n<div class=\"elementor-widget-container\">\n<h3 class=\"elementor-heading-title elementor-size-default\">Cota Creativa a Advanced Factories 2026<\/h3>\n<\/div>\n<\/div>\n<div class=\"elementor-element elementor-element-6a0bc8a elementor-widget elementor-widget-text-editor\" data-id=\"6a0bc8a\" data-element_type=\"widget\" data-widget_type=\"text-editor.default\">\n<div class=\"elementor-widget-container\">\n<p>Cota Creativa ha estat present a <a href=\"https:\/\/www.advancedfactories.com\/?utm_source=chatgpt.com\">Advanced Factories 2026<\/a> col\u00b7laborant amb <a href=\"https:\/\/es.rs-online.com\/web\/?utm_source=chatgpt.com\">RS Iberia<\/a>, expositor situat al Pavell\u00f3 2, estand D497.<\/p>\n<p><a href=\"https:\/\/es.rs-online.com\/web\/?utm_source=chatgpt.com\">RS Iberia<\/a><span> <\/span>\u00e9s una companyia vinculada a solucions industrials, components el\u00e8ctrics, electr\u00f2nica, manteniment, reparaci\u00f3 i operacions per a empreses i professionals. La seva participaci\u00f3 a Advanced Factories encaixa directament amb les necessitats del p\u00fablic de la fira: disponibilitat de components cr\u00edtics, optimitzaci\u00f3 de l\u2019aprovisionament, efici\u00e8ncia operativa i solucions per a entorns industrials cada vegada m\u00e9s connectats. <\/p>\n<p>Per a aquest projecte, l\u2019estand es va plantejar com un espai corporatiu, obert i funcional, amb una pres\u00e8ncia visual molt reconeixible gr\u00e0cies a l\u2019\u00fas del vermell de marca, gr\u00e0fica de gran format, zones d\u2019atenci\u00f3 comercial, espais per a reunions i exposici\u00f3 de solucions.<\/p>\n<\/div>\n<\/div>\n<div class=\"elementor-element elementor-element-dcb0e4e elementor-widget elementor-widget-heading\" data-id=\"dcb0e4e\" data-element_type=\"widget\" data-widget_type=\"heading.default\">\n<div class=\"elementor-widget-container\">\n<h3 class=\"elementor-heading-title elementor-size-default\">Un estand corporatiu pensat per generar contacte professional<\/h3>\n<\/div>\n<\/div>\n<div class=\"elementor-element elementor-element-d789361 elementor-widget elementor-widget-text-editor\" data-id=\"d789361\" data-element_type=\"widget\" data-widget_type=\"text-editor.default\">\n<div class=\"elementor-widget-container\">\n<p>En fires industrials com Advanced Factories, el disseny de l\u2019estand ha de ser clar, directe i eficient. El visitant acostuma a tenir una agenda molt concreta i necessita identificar r\u00e0pidament qui \u00e9s l\u2019empresa, qu\u00e8 ofereix i per qu\u00e8 pot ser rellevant per a la seva activitat. <\/p>\n<p>Per aquest motiu, el projecte de <a href=\"https:\/\/es.rs-online.com\/web\/?utm_source=chatgpt.com\">RS Iberia<\/a> va apostar per una comunicaci\u00f3 visual molt visible des del passad\u00eds, una estructura oberta que facilita l\u2019entrada del visitant i una distribuci\u00f3 pensada per combinar atenci\u00f3 comercial, exposici\u00f3 de producte i converses professionals.<\/p>\n<p>El resultat \u00e9s un estand alineat amb l\u2019entorn de la fira: t\u00e8cnic, reconeixible, funcional i orientat al negoci.<\/p>\n<\/div>\n<\/div>\n<\/div>\n<\/div>\n<\/div>\n<\/div>\n<\/div>\n<\/div>\n<\/div>\n<\/div>\n<\/div>\n<\/div>\n<\/div>\n<\/div>\n<\/div>\n<\/div>\n<\/div>\n<\/div>\n<\/div>\n<\/div>\n<\/div>\n<\/div>\n<\/div>\n<\/div>\n<\/div>\n<\/div>\n<\/div>\n<\/div>\n<\/div>\n<\/div>\n<\/div>\n<\/div>\n<\/div>\n<p>[\/et_pb_text][et_pb_image src=\u00bbhttps:\/\/cotacreativa.es\/wp-content\/uploads\/2026\/06\/WhatsApp-Image-2026-05-08-at-09.56.24-1536&#215;1023-1.jpeg\u00bb title_text=\u00bbWhatsApp-Image-2026-05-08-at-09.56.24-1536&#215;1023&#8243; _builder_version=\u00bb4.27.4&#8243; _module_preset=\u00bbdefault\u00bb global_colors_info=\u00bb{}\u00bb][\/et_pb_image][et_pb_text _builder_version=\u00bb4.27.4&#8243; _module_preset=\u00bbdefault\u00bb text_font=\u00bbMontserrat||||||||\u00bb text_text_color=\u00bb#3a3a3a\u00bb text_line_height=\u00bb1.8em\u00bb link_font=\u00bbMontserrat||||||||\u00bb link_text_color=\u00bb#00a996&#8243; header_font=\u00bbMontserrat|600|||||||\u00bb header_text_color=\u00bb#00a996&#8243; header_2_font=\u00bbMontserrat|600|||||||\u00bb header_2_text_color=\u00bb#00a996&#8243; header_2_line_height=\u00bb2em\u00bb header_3_font=\u00bb&#8211;et_global_heading_font|600|||||||\u00bb header_3_text_color=\u00bb#00a996&#8243; header_3_line_height=\u00bb1.5em\u00bb custom_padding=\u00bb||||true\u00bb global_colors_info=\u00bb{}\u00bb]<\/p>\n<div class=\"elementor-element elementor-element-0d9d3a9 elementor-widget elementor-widget-text-editor\" data-id=\"0d9d3a9\" data-element_type=\"widget\" data-widget_type=\"text-editor.default\">\n<div class=\"elementor-widget-container\">\n<div data-elementor-type=\"single-post\" data-elementor-id=\"15878\" class=\"elementor elementor-15878 elementor-location-single post-21067 post type-post status-publish format-standard has-post-thumbnail hentry category-eventos-espana\" data-elementor-post-type=\"elementor_library\">\n<div class=\"elementor-element elementor-element-88679f6 e-flex e-con-boxed e-con e-parent e-lazyloaded\" data-id=\"88679f6\" data-element_type=\"container\">\n<div class=\"e-con-inner\">\n<div class=\"elementor-element elementor-element-7c607d6 elementor-widget elementor-widget-theme-post-content\" data-id=\"7c607d6\" data-element_type=\"widget\" data-widget_type=\"theme-post-content.default\">\n<div class=\"elementor-widget-container\">\n<div data-elementor-type=\"wp-post\" data-elementor-id=\"21067\" class=\"elementor elementor-21067\" data-elementor-post-type=\"post\">\n<div class=\"elementor-element elementor-element-f73205f e-flex e-con-boxed e-con e-parent e-lazyloaded\" data-id=\"f73205f\" data-element_type=\"container\">\n<div class=\"e-con-inner\">\n<div class=\"elementor-element elementor-element-eea4343 elementor-widget elementor-widget-heading\" data-id=\"eea4343\" data-element_type=\"widget\" data-widget_type=\"heading.default\">\n<div class=\"elementor-widget-container\">\n<div class=\"elementor-element elementor-element-9864f69 elementor-widget elementor-widget-text-editor\" data-id=\"9864f69\" data-element_type=\"widget\" data-widget_type=\"text-editor.default\">\n<div class=\"elementor-widget-container\">\n<div data-elementor-type=\"single-post\" data-elementor-id=\"15878\" class=\"elementor elementor-15878 elementor-location-single post-27573 post type-post status-publish format-standard has-post-thumbnail hentry category-espana-2026 category-eventos-espana\" data-elementor-post-type=\"elementor_library\">\n<div class=\"elementor-element elementor-element-88679f6 e-flex e-con-boxed e-con e-parent e-lazyloaded\" data-id=\"88679f6\" data-element_type=\"container\">\n<div class=\"e-con-inner\">\n<div class=\"elementor-element elementor-element-7c607d6 elementor-widget elementor-widget-theme-post-content\" data-id=\"7c607d6\" data-element_type=\"widget\" data-widget_type=\"theme-post-content.default\">\n<div class=\"elementor-widget-container\">\n<div data-elementor-type=\"wp-post\" data-elementor-id=\"27573\" class=\"elementor elementor-27573\" data-elementor-post-type=\"post\">\n<div class=\"elementor-element elementor-element-665a3e4 e-flex e-con-boxed e-con e-parent e-lazyloaded\" data-id=\"665a3e4\" data-element_type=\"container\">\n<div class=\"e-con-inner\">\n<div class=\"elementor-element elementor-element-4f943280 h3-color elementor-widget elementor-widget-text-editor\" data-id=\"4f943280\" data-element_type=\"widget\" data-widget_type=\"text-editor.default\">\n<div class=\"elementor-widget-container\">\n<div data-elementor-type=\"single-post\" data-elementor-id=\"15878\" class=\"elementor elementor-15878 elementor-location-single post-27595 post type-post status-publish format-standard has-post-thumbnail hentry category-espana-2026 category-eventos-espana\" data-elementor-post-type=\"elementor_library\">\n<div class=\"elementor-element elementor-element-88679f6 e-flex e-con-boxed e-con e-parent e-lazyloaded\" data-id=\"88679f6\" data-element_type=\"container\">\n<div class=\"e-con-inner\">\n<div class=\"elementor-element elementor-element-7c607d6 elementor-widget elementor-widget-theme-post-content\" data-id=\"7c607d6\" data-element_type=\"widget\" data-widget_type=\"theme-post-content.default\">\n<div class=\"elementor-widget-container\">\n<div class=\"elementor-element elementor-element-6fac6e9 elementor-widget elementor-widget-text-editor\" data-id=\"6fac6e9\" data-element_type=\"widget\" data-widget_type=\"text-editor.default\">\n<div class=\"elementor-widget-container\">\n<div class=\"elementor-element elementor-element-c3bd9f5 elementor-widget elementor-widget-heading\" data-id=\"c3bd9f5\" data-element_type=\"widget\" data-widget_type=\"heading.default\">\n<div class=\"elementor-widget-container\">\n<div class=\"elementor-element elementor-element-c3bd9f5 elementor-widget elementor-widget-heading\" data-id=\"c3bd9f5\" data-element_type=\"widget\" data-widget_type=\"heading.default\">\n<div class=\"elementor-widget-container\">\n<h3 class=\"elementor-heading-title elementor-size-default\">Empresa d\u2019estands a Barcelona per a fires industrials<\/h3>\n<\/div>\n<\/div>\n<div class=\"elementor-element elementor-element-b10daf3 elementor-widget elementor-widget-text-editor\" data-id=\"b10daf3\" data-element_type=\"widget\" data-widget_type=\"text-editor.default\">\n<div class=\"elementor-widget-container\">\n<p>Cota Creativa treballa en el<span> <\/span><a href=\"https:\/\/www.cotacreativa.com\/estands-de-diseno\/\">disseny d\u2019estands personalitzats<\/a>, la producci\u00f3 i el muntatge d\u2019estands per a fires nacionals i internacionals. En esdeveniments celebrats a Barcelona, la nostra ubicaci\u00f3 a Gav\u00e0, a pocs minuts de Fira Barcelona, ens permet oferir una resposta \u00e0gil, optimitzar la log\u00edstica i reduir despla\u00e7aments innecessaris. <\/p>\n<p>Aquesta proximitat tamb\u00e9 facilita la col\u00b7laboraci\u00f3 amb prove\u00efdors locals de confian\u00e7a, afavoreix una producci\u00f3 m\u00e9s eficient i contribueix a reduir la petjada de l\u2019esdeveniment. Per a empreses que exposen a <a href=\"https:\/\/www.firabarcelona.com\/en\/gran-via\/?utm_source=chatgpt.com\">Fira Barcelona Gran Via<\/a>, comptar amb una empresa d\u2019estands propera al recinte pot marcar una difer\u00e8ncia important en temps de resposta, coordinaci\u00f3 t\u00e8cnica i capacitat de resoluci\u00f3 durant el muntatge. <\/p>\n<\/div>\n<\/div>\n<div class=\"elementor-element elementor-element-0bf2232 elementor-widget elementor-widget-heading\" data-id=\"0bf2232\" data-element_type=\"widget\" data-widget_type=\"heading.default\">\n<div class=\"elementor-widget-container\">\n<h3 class=\"elementor-heading-title elementor-size-default\">Disseny d\u2019estands personalitzats per a Advanced Factories<\/h3>\n<\/div>\n<\/div>\n<div class=\"elementor-element elementor-element-53e8470 elementor-widget elementor-widget-text-editor\" data-id=\"53e8470\" data-element_type=\"widget\" data-widget_type=\"text-editor.default\">\n<div class=\"elementor-widget-container\">\n<p>Cada feria tiene sus propios c\u00f3digos, p\u00fablicos y objetivos. A Advanced Factories, el disseny de l\u2019estand ha de transmetre innovaci\u00f3, solv\u00e8ncia t\u00e8cnica, claredat comercial i capacitat industrial. <\/p>\n<p>Per aix\u00f2, el <a href=\"https:\/\/www.cotacreativa.com\/estands-de-diseno\/\">disseny d\u2019estands personalitzats<\/a> per a Advanced Factories ha de treballar aspectes com la visibilitat de marca, la integraci\u00f3 de producte, la il\u00b7luminaci\u00f3, els punts de reuni\u00f3, la circulaci\u00f3 de visitants i la coher\u00e8ncia entre imatge corporativa i missatge comercial.<\/p>\n<p>A Cota Creativa entenem l\u2019estand com una extensi\u00f3 de l\u2019estrat\u00e8gia de marca. El nostre objectiu \u00e9s crear espais ef\u00edmers que funcionin a la fira, que siguin viables t\u00e8cnicament i que ajudin l\u2019expositor a aprofitar millor la seva participaci\u00f3. <\/p>\n<\/div>\n<\/div>\n<div class=\"elementor-element elementor-element-064f88c elementor-widget elementor-widget-heading\" data-id=\"064f88c\" data-element_type=\"widget\" data-widget_type=\"heading.default\">\n<div class=\"elementor-widget-container\">\n<h3 class=\"elementor-heading-title elementor-size-default\">Muntatge d\u2019estands per a fires a Fira Barcelona<\/h3>\n<\/div>\n<\/div>\n<div class=\"elementor-element elementor-element-4e5d2a6 elementor-widget elementor-widget-text-editor\" data-id=\"4e5d2a6\" data-element_type=\"widget\" data-widget_type=\"text-editor.default\">\n<div class=\"elementor-widget-container\">\n<p>El muntatge d\u2019estands per a fires a Fira Barcelona exigeix planificaci\u00f3, coordinaci\u00f3 t\u00e8cnica i coneixement de l\u2019entorn firal. Cada projecte s\u2019ha d\u2019adaptar als temps de muntatge, normatives del recinte, necessitats el\u00e8ctriques, retolaci\u00f3, il\u00b7luminaci\u00f3, mobiliari, log\u00edstica i coordinaci\u00f3 amb altres prove\u00efdors. <\/p>\n<p>A Cota Creativa acompanyem les marques durant tot el proc\u00e9s, des del disseny inicial fins a la producci\u00f3, el muntatge, l\u2019assist\u00e8ncia a la fira i el desmuntatge. Aquesta visi\u00f3 integral permet reduir incid\u00e8ncies, controlar millor els temps i assegurar que l\u2019estand estigui preparat per rebre visitants des del primer dia. <\/p>\n<p><a href=\"https:\/\/www.advancedfactories.com\/?utm_source=chatgpt.com\">Advanced Factories 2026<\/a> ha estat una nova oportunitat per demostrar com un estand ben plantejat pot refor\u00e7ar la pres\u00e8ncia de marca en una fira industrial de refer\u00e8ncia.<\/p>\n<\/div>\n<\/div>\n<\/div>\n<\/div>\n<\/div>\n<\/div>\n<\/div>\n<\/div>\n<\/div>\n<\/div>\n<\/div>\n<\/div>\n<\/div>\n<\/div>\n<\/div>\n<\/div>\n<\/div>\n<\/div>\n<\/div>\n<\/div>\n<\/div>\n<\/div>\n<\/div>\n<\/div>\n<\/div>\n<\/div>\n<\/div>\n<\/div>\n<\/div>\n<\/div>\n<\/div>\n<\/div>\n<\/div>\n<\/div>\n<\/div>\n<p>[\/et_pb_text][\/et_pb_column][\/et_pb_row][\/et_pb_section]<\/p>\n","protected":false},"excerpt":{"rendered":"<p>Advanced Factories 2026, una fira clau per a la ind\u00fastria 4.0 Advanced Factories 2026 se celebra a Fira Barcelona Gran Via i torna a reunir empreses vinculades a l\u2019automatitzaci\u00f3 industrial, la rob\u00f2tica, la digitalitzaci\u00f3, la intel\u00b7lig\u00e8ncia artificial, la fabricaci\u00f3 avan\u00e7ada i la ind\u00fastria 4.0. La fira s\u2019ha consolidat com una de les trobades professionals m\u00e9s [&hellip;]<\/p>\n","protected":false},"author":1,"featured_media":3336,"comment_status":"closed","ping_status":"open","sticky":false,"template":"","format":"standard","meta":{"_et_pb_use_builder":"on","_et_pb_old_content":"","_et_gb_content_width":"","footnotes":""},"categories":[37],"tags":[],"class_list":["post-3337","post","type-post","status-publish","format-standard","has-post-thumbnail","hentry","category-esdeveniments-espanya"],"yoast_head":"<!-- This site is optimized with the Yoast SEO plugin v28.1 - https:\/\/yoast.com\/product\/yoast-seo-wordpress\/ -->\n<title>Disseny d\u2019estands per a Advanced Factories 2026 a Barcelona<\/title>\n<meta name=\"description\" content=\"Advanced Factories 2026, una fira clau per a la ind\u00fastria 4.0 Advanced Factories 2026 se celebra a Fira Barcelona Gran Via i torna a reunir empreses.\" \/>\n<meta name=\"robots\" content=\"index, follow, max-snippet:-1, max-image-preview:large, max-video-preview:-1\" \/>\n<link rel=\"canonical\" href=\"https:\/\/cotacreativa.es\/ca\/2026\/05\/13\/disseny-i-muntatge-destands-per-a-advanced-factories-2026-a-barcelona\/\" \/>\n<meta property=\"og:locale\" content=\"ca_ES\" \/>\n<meta property=\"og:type\" content=\"article\" \/>\n<meta property=\"og:title\" content=\"Disseny d\u2019estands per a Advanced Factories 2026 a Barcelona\" \/>\n<meta property=\"og:description\" content=\"Advanced Factories 2026, una fira clau per a la ind\u00fastria 4.0 Advanced Factories 2026 se celebra a Fira Barcelona Gran Via i torna a reunir empreses.\" \/>\n<meta property=\"og:url\" content=\"https:\/\/cotacreativa.es\/ca\/2026\/05\/13\/disseny-i-muntatge-destands-per-a-advanced-factories-2026-a-barcelona\/\" \/>\n<meta property=\"og:site_name\" content=\"Cota Creativa\" \/>\n<meta property=\"article:published_time\" content=\"2026-05-13T10:09:15+00:00\" \/>\n<meta property=\"article:modified_time\" content=\"2026-06-18T08:08:04+00:00\" \/>\n<meta property=\"og:image\" content=\"https:\/\/cotacreativa.es\/wp-content\/uploads\/2026\/06\/WhatsApp-Image-2026-05-08-at-09.56.24-1-1536x1024-1.jpeg\" \/>\n\t<meta property=\"og:image:width\" content=\"1536\" \/>\n\t<meta property=\"og:image:height\" content=\"1024\" \/>\n\t<meta property=\"og:image:type\" content=\"image\/jpeg\" \/>\n<meta name=\"author\" content=\"admin_cota\" \/>\n<meta name=\"twitter:card\" content=\"summary_large_image\" \/>\n<meta name=\"twitter:label1\" content=\"Escrit per\" \/>\n\t<meta name=\"twitter:data1\" content=\"admin_cota\" \/>\n\t<meta name=\"twitter:label2\" content=\"Temps estimat de lectura\" \/>\n\t<meta name=\"twitter:data2\" content=\"6 minuts\" \/>\n<script type=\"application\/ld+json\" class=\"yoast-schema-graph\">{\"@context\":\"https:\\\/\\\/schema.org\",\"@graph\":[{\"@type\":\"Article\",\"@id\":\"https:\\\/\\\/cotacreativa.es\\\/ca\\\/2026\\\/05\\\/13\\\/disseny-i-muntatge-destands-per-a-advanced-factories-2026-a-barcelona\\\/#article\",\"isPartOf\":{\"@id\":\"https:\\\/\\\/cotacreativa.es\\\/ca\\\/2026\\\/05\\\/13\\\/disseny-i-muntatge-destands-per-a-advanced-factories-2026-a-barcelona\\\/\"},\"author\":{\"name\":\"admin_cota\",\"@id\":\"https:\\\/\\\/cotacreativa.es\\\/#\\\/schema\\\/person\\\/c76f390a3906c2ee55d9ddd19864c7cf\"},\"headline\":\"Disseny i muntatge d\u2019estands per a Advanced Factories 2026 a Barcelona\",\"datePublished\":\"2026-05-13T10:09:15+00:00\",\"dateModified\":\"2026-06-18T08:08:04+00:00\",\"mainEntityOfPage\":{\"@id\":\"https:\\\/\\\/cotacreativa.es\\\/ca\\\/2026\\\/05\\\/13\\\/disseny-i-muntatge-destands-per-a-advanced-factories-2026-a-barcelona\\\/\"},\"wordCount\":1194,\"image\":{\"@id\":\"https:\\\/\\\/cotacreativa.es\\\/ca\\\/2026\\\/05\\\/13\\\/disseny-i-muntatge-destands-per-a-advanced-factories-2026-a-barcelona\\\/#primaryimage\"},\"thumbnailUrl\":\"https:\\\/\\\/cotacreativa.es\\\/wp-content\\\/uploads\\\/2026\\\/06\\\/WhatsApp-Image-2026-05-08-at-09.56.24-1-1536x1024-1.jpeg\",\"articleSection\":[\"Esdeveniments Espanya\"],\"inLanguage\":\"ca\"},{\"@type\":\"WebPage\",\"@id\":\"https:\\\/\\\/cotacreativa.es\\\/ca\\\/2026\\\/05\\\/13\\\/disseny-i-muntatge-destands-per-a-advanced-factories-2026-a-barcelona\\\/\",\"url\":\"https:\\\/\\\/cotacreativa.es\\\/ca\\\/2026\\\/05\\\/13\\\/disseny-i-muntatge-destands-per-a-advanced-factories-2026-a-barcelona\\\/\",\"name\":\"Disseny d\u2019estands per a Advanced Factories 2026 a Barcelona\",\"isPartOf\":{\"@id\":\"https:\\\/\\\/cotacreativa.es\\\/#website\"},\"primaryImageOfPage\":{\"@id\":\"https:\\\/\\\/cotacreativa.es\\\/ca\\\/2026\\\/05\\\/13\\\/disseny-i-muntatge-destands-per-a-advanced-factories-2026-a-barcelona\\\/#primaryimage\"},\"image\":{\"@id\":\"https:\\\/\\\/cotacreativa.es\\\/ca\\\/2026\\\/05\\\/13\\\/disseny-i-muntatge-destands-per-a-advanced-factories-2026-a-barcelona\\\/#primaryimage\"},\"thumbnailUrl\":\"https:\\\/\\\/cotacreativa.es\\\/wp-content\\\/uploads\\\/2026\\\/06\\\/WhatsApp-Image-2026-05-08-at-09.56.24-1-1536x1024-1.jpeg\",\"datePublished\":\"2026-05-13T10:09:15+00:00\",\"dateModified\":\"2026-06-18T08:08:04+00:00\",\"author\":{\"@id\":\"https:\\\/\\\/cotacreativa.es\\\/#\\\/schema\\\/person\\\/c76f390a3906c2ee55d9ddd19864c7cf\"},\"description\":\"Advanced Factories 2026, una fira clau per a la ind\u00fastria 4.0 Advanced Factories 2026 se celebra a Fira Barcelona Gran Via i torna a reunir empreses.\",\"breadcrumb\":{\"@id\":\"https:\\\/\\\/cotacreativa.es\\\/ca\\\/2026\\\/05\\\/13\\\/disseny-i-muntatge-destands-per-a-advanced-factories-2026-a-barcelona\\\/#breadcrumb\"},\"inLanguage\":\"ca\",\"potentialAction\":[{\"@type\":\"ReadAction\",\"target\":[\"https:\\\/\\\/cotacreativa.es\\\/ca\\\/2026\\\/05\\\/13\\\/disseny-i-muntatge-destands-per-a-advanced-factories-2026-a-barcelona\\\/\"]}]},{\"@type\":\"ImageObject\",\"inLanguage\":\"ca\",\"@id\":\"https:\\\/\\\/cotacreativa.es\\\/ca\\\/2026\\\/05\\\/13\\\/disseny-i-muntatge-destands-per-a-advanced-factories-2026-a-barcelona\\\/#primaryimage\",\"url\":\"https:\\\/\\\/cotacreativa.es\\\/wp-content\\\/uploads\\\/2026\\\/06\\\/WhatsApp-Image-2026-05-08-at-09.56.24-1-1536x1024-1.jpeg\",\"contentUrl\":\"https:\\\/\\\/cotacreativa.es\\\/wp-content\\\/uploads\\\/2026\\\/06\\\/WhatsApp-Image-2026-05-08-at-09.56.24-1-1536x1024-1.jpeg\",\"width\":1536,\"height\":1024},{\"@type\":\"BreadcrumbList\",\"@id\":\"https:\\\/\\\/cotacreativa.es\\\/ca\\\/2026\\\/05\\\/13\\\/disseny-i-muntatge-destands-per-a-advanced-factories-2026-a-barcelona\\\/#breadcrumb\",\"itemListElement\":[{\"@type\":\"ListItem\",\"position\":1,\"name\":\"Portada\",\"item\":\"https:\\\/\\\/cotacreativa.es\\\/ca\\\/inicio\\\/\"},{\"@type\":\"ListItem\",\"position\":2,\"name\":\"Disseny i muntatge d\u2019estands per a Advanced Factories 2026 a Barcelona\"}]},{\"@type\":\"WebSite\",\"@id\":\"https:\\\/\\\/cotacreativa.es\\\/#website\",\"url\":\"https:\\\/\\\/cotacreativa.es\\\/\",\"name\":\"Cota Creativa\",\"description\":\"\",\"potentialAction\":[{\"@type\":\"SearchAction\",\"target\":{\"@type\":\"EntryPoint\",\"urlTemplate\":\"https:\\\/\\\/cotacreativa.es\\\/?s={search_term_string}\"},\"query-input\":{\"@type\":\"PropertyValueSpecification\",\"valueRequired\":true,\"valueName\":\"search_term_string\"}}],\"inLanguage\":\"ca\"},{\"@type\":\"Person\",\"@id\":\"https:\\\/\\\/cotacreativa.es\\\/#\\\/schema\\\/person\\\/c76f390a3906c2ee55d9ddd19864c7cf\",\"name\":\"admin_cota\",\"sameAs\":[\"https:\\\/\\\/cotacreativa.es\"],\"url\":\"https:\\\/\\\/cotacreativa.es\\\/ca\\\/author\\\/admin_cota\\\/\"}]}<\/script>\n<!-- \/ Yoast SEO plugin. -->","yoast_head_json":{"title":"Disseny d\u2019estands per a Advanced Factories 2026 a Barcelona","description":"Advanced Factories 2026, una fira clau per a la ind\u00fastria 4.0 Advanced Factories 2026 se celebra a Fira Barcelona Gran Via i torna a reunir empreses.","robots":{"index":"index","follow":"follow","max-snippet":"max-snippet:-1","max-image-preview":"max-image-preview:large","max-video-preview":"max-video-preview:-1"},"canonical":"https:\/\/cotacreativa.es\/ca\/2026\/05\/13\/disseny-i-muntatge-destands-per-a-advanced-factories-2026-a-barcelona\/","og_locale":"ca_ES","og_type":"article","og_title":"Disseny d\u2019estands per a Advanced Factories 2026 a Barcelona","og_description":"Advanced Factories 2026, una fira clau per a la ind\u00fastria 4.0 Advanced Factories 2026 se celebra a Fira Barcelona Gran Via i torna a reunir empreses.","og_url":"https:\/\/cotacreativa.es\/ca\/2026\/05\/13\/disseny-i-muntatge-destands-per-a-advanced-factories-2026-a-barcelona\/","og_site_name":"Cota Creativa","article_published_time":"2026-05-13T10:09:15+00:00","article_modified_time":"2026-06-18T08:08:04+00:00","og_image":[{"width":1536,"height":1024,"url":"https:\/\/cotacreativa.es\/wp-content\/uploads\/2026\/06\/WhatsApp-Image-2026-05-08-at-09.56.24-1-1536x1024-1.jpeg","type":"image\/jpeg"}],"author":"admin_cota","twitter_card":"summary_large_image","twitter_misc":{"Escrit per":"admin_cota","Temps estimat de lectura":"6 minuts"},"schema":{"@context":"https:\/\/schema.org","@graph":[{"@type":"Article","@id":"https:\/\/cotacreativa.es\/ca\/2026\/05\/13\/disseny-i-muntatge-destands-per-a-advanced-factories-2026-a-barcelona\/#article","isPartOf":{"@id":"https:\/\/cotacreativa.es\/ca\/2026\/05\/13\/disseny-i-muntatge-destands-per-a-advanced-factories-2026-a-barcelona\/"},"author":{"name":"admin_cota","@id":"https:\/\/cotacreativa.es\/#\/schema\/person\/c76f390a3906c2ee55d9ddd19864c7cf"},"headline":"Disseny i muntatge d\u2019estands per a Advanced Factories 2026 a Barcelona","datePublished":"2026-05-13T10:09:15+00:00","dateModified":"2026-06-18T08:08:04+00:00","mainEntityOfPage":{"@id":"https:\/\/cotacreativa.es\/ca\/2026\/05\/13\/disseny-i-muntatge-destands-per-a-advanced-factories-2026-a-barcelona\/"},"wordCount":1194,"image":{"@id":"https:\/\/cotacreativa.es\/ca\/2026\/05\/13\/disseny-i-muntatge-destands-per-a-advanced-factories-2026-a-barcelona\/#primaryimage"},"thumbnailUrl":"https:\/\/cotacreativa.es\/wp-content\/uploads\/2026\/06\/WhatsApp-Image-2026-05-08-at-09.56.24-1-1536x1024-1.jpeg","articleSection":["Esdeveniments Espanya"],"inLanguage":"ca"},{"@type":"WebPage","@id":"https:\/\/cotacreativa.es\/ca\/2026\/05\/13\/disseny-i-muntatge-destands-per-a-advanced-factories-2026-a-barcelona\/","url":"https:\/\/cotacreativa.es\/ca\/2026\/05\/13\/disseny-i-muntatge-destands-per-a-advanced-factories-2026-a-barcelona\/","name":"Disseny d\u2019estands per a Advanced Factories 2026 a Barcelona","isPartOf":{"@id":"https:\/\/cotacreativa.es\/#website"},"primaryImageOfPage":{"@id":"https:\/\/cotacreativa.es\/ca\/2026\/05\/13\/disseny-i-muntatge-destands-per-a-advanced-factories-2026-a-barcelona\/#primaryimage"},"image":{"@id":"https:\/\/cotacreativa.es\/ca\/2026\/05\/13\/disseny-i-muntatge-destands-per-a-advanced-factories-2026-a-barcelona\/#primaryimage"},"thumbnailUrl":"https:\/\/cotacreativa.es\/wp-content\/uploads\/2026\/06\/WhatsApp-Image-2026-05-08-at-09.56.24-1-1536x1024-1.jpeg","datePublished":"2026-05-13T10:09:15+00:00","dateModified":"2026-06-18T08:08:04+00:00","author":{"@id":"https:\/\/cotacreativa.es\/#\/schema\/person\/c76f390a3906c2ee55d9ddd19864c7cf"},"description":"Advanced Factories 2026, una fira clau per a la ind\u00fastria 4.0 Advanced Factories 2026 se celebra a Fira Barcelona Gran Via i torna a reunir empreses.","breadcrumb":{"@id":"https:\/\/cotacreativa.es\/ca\/2026\/05\/13\/disseny-i-muntatge-destands-per-a-advanced-factories-2026-a-barcelona\/#breadcrumb"},"inLanguage":"ca","potentialAction":[{"@type":"ReadAction","target":["https:\/\/cotacreativa.es\/ca\/2026\/05\/13\/disseny-i-muntatge-destands-per-a-advanced-factories-2026-a-barcelona\/"]}]},{"@type":"ImageObject","inLanguage":"ca","@id":"https:\/\/cotacreativa.es\/ca\/2026\/05\/13\/disseny-i-muntatge-destands-per-a-advanced-factories-2026-a-barcelona\/#primaryimage","url":"https:\/\/cotacreativa.es\/wp-content\/uploads\/2026\/06\/WhatsApp-Image-2026-05-08-at-09.56.24-1-1536x1024-1.jpeg","contentUrl":"https:\/\/cotacreativa.es\/wp-content\/uploads\/2026\/06\/WhatsApp-Image-2026-05-08-at-09.56.24-1-1536x1024-1.jpeg","width":1536,"height":1024},{"@type":"BreadcrumbList","@id":"https:\/\/cotacreativa.es\/ca\/2026\/05\/13\/disseny-i-muntatge-destands-per-a-advanced-factories-2026-a-barcelona\/#breadcrumb","itemListElement":[{"@type":"ListItem","position":1,"name":"Portada","item":"https:\/\/cotacreativa.es\/ca\/inicio\/"},{"@type":"ListItem","position":2,"name":"Disseny i muntatge d\u2019estands per a Advanced Factories 2026 a Barcelona"}]},{"@type":"WebSite","@id":"https:\/\/cotacreativa.es\/#website","url":"https:\/\/cotacreativa.es\/","name":"Cota Creativa","description":"","potentialAction":[{"@type":"SearchAction","target":{"@type":"EntryPoint","urlTemplate":"https:\/\/cotacreativa.es\/?s={search_term_string}"},"query-input":{"@type":"PropertyValueSpecification","valueRequired":true,"valueName":"search_term_string"}}],"inLanguage":"ca"},{"@type":"Person","@id":"https:\/\/cotacreativa.es\/#\/schema\/person\/c76f390a3906c2ee55d9ddd19864c7cf","name":"admin_cota","sameAs":["https:\/\/cotacreativa.es"],"url":"https:\/\/cotacreativa.es\/ca\/author\/admin_cota\/"}]}},"_links":{"self":[{"href":"https:\/\/cotacreativa.es\/ca\/wp-json\/wp\/v2\/posts\/3337","targetHints":{"allow":["GET"]}}],"collection":[{"href":"https:\/\/cotacreativa.es\/ca\/wp-json\/wp\/v2\/posts"}],"about":[{"href":"https:\/\/cotacreativa.es\/ca\/wp-json\/wp\/v2\/types\/post"}],"author":[{"embeddable":true,"href":"https:\/\/cotacreativa.es\/ca\/wp-json\/wp\/v2\/users\/1"}],"replies":[{"embeddable":true,"href":"https:\/\/cotacreativa.es\/ca\/wp-json\/wp\/v2\/comments?post=3337"}],"version-history":[{"count":2,"href":"https:\/\/cotacreativa.es\/ca\/wp-json\/wp\/v2\/posts\/3337\/revisions"}],"predecessor-version":[{"id":3339,"href":"https:\/\/cotacreativa.es\/ca\/wp-json\/wp\/v2\/posts\/3337\/revisions\/3339"}],"wp:featuredmedia":[{"embeddable":true,"href":"https:\/\/cotacreativa.es\/ca\/wp-json\/wp\/v2\/media\/3336"}],"wp:attachment":[{"href":"https:\/\/cotacreativa.es\/ca\/wp-json\/wp\/v2\/media?parent=3337"}],"wp:term":[{"taxonomy":"category","embeddable":true,"href":"https:\/\/cotacreativa.es\/ca\/wp-json\/wp\/v2\/categories?post=3337"},{"taxonomy":"post_tag","embeddable":true,"href":"https:\/\/cotacreativa.es\/ca\/wp-json\/wp\/v2\/tags?post=3337"}],"curies":[{"name":"wp","href":"https:\/\/api.w.org\/{rel}","templated":true}]}}