{"id":3341,"date":"2026-05-08T12:41:47","date_gmt":"2026-05-08T10:41:47","guid":{"rendered":"https:\/\/cotacreativa.es\/2026\/05\/08\/disseny-i-muntatge-destands-per-a-seafood-expo-global-2026-a-barcelona\/"},"modified":"2026-06-18T10:36:40","modified_gmt":"2026-06-18T08:36:40","slug":"disseny-i-muntatge-destands-per-a-seafood-expo-global-2026-a-barcelona","status":"publish","type":"post","link":"https:\/\/cotacreativa.es\/ca\/2026\/05\/08\/disseny-i-muntatge-destands-per-a-seafood-expo-global-2026-a-barcelona\/","title":{"rendered":"Disseny i muntatge d\u2019estands per a Seafood Expo Global 2026 a Barcelona"},"content":{"rendered":"<p>[et_pb_section fb_built=\u00bb1&#8243; _builder_version=\u00bb4.27.4&#8243; _module_preset=\u00bbdefault\u00bb background_color=\u00bb#065350&#8243; locked=\u00bboff\u00bb global_colors_info=\u00bb{}\u00bb][et_pb_row _builder_version=\u00bb4.27.4&#8243; _module_preset=\u00bbdefault\u00bb global_colors_info=\u00bb{}\u00bb][et_pb_column type=\u00bb4_4&#8243; _builder_version=\u00bb4.27.4&#8243; _module_preset=\u00bbdefault\u00bb global_colors_info=\u00bb{}\u00bb][et_pb_post_title meta=\u00bboff\u00bb featured_image=\u00bboff\u00bb _builder_version=\u00bb4.27.4&#8243; _module_preset=\u00bbdefault\u00bb title_font=\u00bb|700|||||||\u00bb title_text_color=\u00bb#FFFFFF\u00bb text_orientation=\u00bbcenter\u00bb global_colors_info=\u00bb{}\u00bb][\/et_pb_post_title][\/et_pb_column][\/et_pb_row][\/et_pb_section][et_pb_section fb_built=\u00bb1&#8243; _builder_version=\u00bb4.27.4&#8243; _module_preset=\u00bbdefault\u00bb custom_margin=\u00bb0px||0px||true|false\u00bb custom_padding=\u00bb0px||0px||true|false\u00bb locked=\u00bboff\u00bb global_colors_info=\u00bb{}\u00bb][et_pb_row _builder_version=\u00bb4.27.4&#8243; _module_preset=\u00bbdefault\u00bb global_colors_info=\u00bb{}\u00bb][et_pb_column type=\u00bb4_4&#8243; _builder_version=\u00bb4.27.4&#8243; _module_preset=\u00bbdefault\u00bb global_colors_info=\u00bb{}\u00bb][et_pb_post_title title=\u00bboff\u00bb meta=\u00bboff\u00bb admin_label=\u00bbT\u00edtulo de publicaci\u00f3n\u00bb _builder_version=\u00bb4.27.4&#8243; _module_preset=\u00bbdefault\u00bb global_colors_info=\u00bb{}\u00bb][\/et_pb_post_title][\/et_pb_column][\/et_pb_row][\/et_pb_section][et_pb_section fb_built=\u00bb1&#8243; _builder_version=\u00bb4.27.4&#8243; _module_preset=\u00bbdefault\u00bb global_colors_info=\u00bb{}\u00bb][et_pb_row _builder_version=\u00bb4.27.4&#8243; _module_preset=\u00bbdefault\u00bb custom_padding=\u00bb0px||0px||true|false\u00bb global_colors_info=\u00bb{}\u00bb][et_pb_column type=\u00bb4_4&#8243; _builder_version=\u00bb4.27.4&#8243; _module_preset=\u00bbdefault\u00bb global_colors_info=\u00bb{}\u00bb][et_pb_text _builder_version=\u00bb4.27.4&#8243; _module_preset=\u00bbdefault\u00bb text_font=\u00bbMontserrat||||||||\u00bb text_text_color=\u00bb#3a3a3a\u00bb text_line_height=\u00bb1.8em\u00bb link_font=\u00bbMontserrat||||||||\u00bb link_text_color=\u00bb#00a996&#8243; header_font=\u00bbMontserrat|600|||||||\u00bb header_text_color=\u00bb#00a996&#8243; header_2_font=\u00bbMontserrat|600|||||||\u00bb header_2_text_color=\u00bb#00a996&#8243; header_2_line_height=\u00bb2em\u00bb header_3_font=\u00bb&#8211;et_global_heading_font|600|||||||\u00bb header_3_text_color=\u00bb#00a996&#8243; header_3_line_height=\u00bb1.5em\u00bb min_height=\u00bb798.8px\u00bb custom_padding=\u00bb||||true\u00bb global_colors_info=\u00bb{}\u00bb]<\/p>\n<div class=\"elementor-element elementor-element-0d9d3a9 elementor-widget elementor-widget-text-editor\" data-id=\"0d9d3a9\" data-element_type=\"widget\" data-widget_type=\"text-editor.default\">\n<div class=\"elementor-widget-container\">\n<div data-elementor-type=\"single-post\" data-elementor-id=\"15878\" class=\"elementor elementor-15878 elementor-location-single post-21067 post type-post status-publish format-standard has-post-thumbnail hentry category-eventos-espana\" data-elementor-post-type=\"elementor_library\">\n<div class=\"elementor-element elementor-element-88679f6 e-flex e-con-boxed e-con e-parent e-lazyloaded\" data-id=\"88679f6\" data-element_type=\"container\">\n<div class=\"e-con-inner\">\n<div class=\"elementor-element elementor-element-7c607d6 elementor-widget elementor-widget-theme-post-content\" data-id=\"7c607d6\" data-element_type=\"widget\" data-widget_type=\"theme-post-content.default\">\n<div class=\"elementor-widget-container\">\n<div data-elementor-type=\"wp-post\" data-elementor-id=\"21067\" class=\"elementor elementor-21067\" data-elementor-post-type=\"post\">\n<div class=\"elementor-element elementor-element-f73205f e-flex e-con-boxed e-con e-parent e-lazyloaded\" data-id=\"f73205f\" data-element_type=\"container\">\n<div class=\"e-con-inner\">\n<div class=\"elementor-element elementor-element-eea4343 elementor-widget elementor-widget-heading\" data-id=\"eea4343\" data-element_type=\"widget\" data-widget_type=\"heading.default\">\n<div class=\"elementor-widget-container\">\n<div class=\"elementor-element elementor-element-9864f69 elementor-widget elementor-widget-text-editor\" data-id=\"9864f69\" data-element_type=\"widget\" data-widget_type=\"text-editor.default\">\n<div class=\"elementor-widget-container\">\n<div data-elementor-type=\"single-post\" data-elementor-id=\"15878\" class=\"elementor elementor-15878 elementor-location-single post-27573 post type-post status-publish format-standard has-post-thumbnail hentry category-espana-2026 category-eventos-espana\" data-elementor-post-type=\"elementor_library\">\n<div class=\"elementor-element elementor-element-88679f6 e-flex e-con-boxed e-con e-parent e-lazyloaded\" data-id=\"88679f6\" data-element_type=\"container\">\n<div class=\"e-con-inner\">\n<div class=\"elementor-element elementor-element-7c607d6 elementor-widget elementor-widget-theme-post-content\" data-id=\"7c607d6\" data-element_type=\"widget\" data-widget_type=\"theme-post-content.default\">\n<div class=\"elementor-widget-container\">\n<div data-elementor-type=\"wp-post\" data-elementor-id=\"27573\" class=\"elementor elementor-27573\" data-elementor-post-type=\"post\">\n<div class=\"elementor-element elementor-element-665a3e4 e-flex e-con-boxed e-con e-parent e-lazyloaded\" data-id=\"665a3e4\" data-element_type=\"container\">\n<div class=\"e-con-inner\">\n<div class=\"elementor-element elementor-element-4f943280 h3-color elementor-widget elementor-widget-text-editor\" data-id=\"4f943280\" data-element_type=\"widget\" data-widget_type=\"text-editor.default\">\n<div class=\"elementor-widget-container\">\n<div data-elementor-type=\"single-post\" data-elementor-id=\"15878\" class=\"elementor elementor-15878 elementor-location-single post-27595 post type-post status-publish format-standard has-post-thumbnail hentry category-espana-2026 category-eventos-espana\" data-elementor-post-type=\"elementor_library\">\n<div class=\"elementor-element elementor-element-88679f6 e-flex e-con-boxed e-con e-parent e-lazyloaded\" data-id=\"88679f6\" data-element_type=\"container\">\n<div class=\"e-con-inner\">\n<div class=\"elementor-element elementor-element-7c607d6 elementor-widget elementor-widget-theme-post-content\" data-id=\"7c607d6\" data-element_type=\"widget\" data-widget_type=\"theme-post-content.default\">\n<div class=\"elementor-widget-container\">\n<div class=\"elementor-element elementor-element-6fac6e9 elementor-widget elementor-widget-text-editor\" data-id=\"6fac6e9\" data-element_type=\"widget\" data-widget_type=\"text-editor.default\">\n<div class=\"elementor-widget-container\">\n<p><a href=\"https:\/\/www.seafoodexpo.com\/global\/\">Seafood Expo Global \/ Seafood Processing Global 2026<\/a> se celebra del 21 al 23 d\u2019abril a <a href=\"https:\/\/www.firabarcelona.com\/en\/venues\/gran-via\/\">Fira Barcelona Gran Via<\/a>, consolidant Barcelona com un dels grans punts de trobada internacionals per a la ind\u00fastria del producte del mar, el processament alimentari i les solucions t\u00e8cniques vinculades al sector seafood.<\/p>\n<p>La fira reuneix empreses expositores, compradors, distribu\u00efdors, processadors, fabricants de maquin\u00e0ria, operadors log\u00edstics i professionals especialitzats que busquen noves oportunitats comercials en un entorn altament professional.<\/p>\n<p>Per a les marques expositores, participar a <a href=\"https:\/\/www.seafoodexpo.com\/global\/\" target=\"_blank\" rel=\"noopener\">Seafood Expo Global 2026<\/a> representa una oportunitat estrat\u00e8gica per refor\u00e7ar el seu posicionament, presentar solucions, generar reunions comercials i connectar amb un p\u00fablic internacional especialitzat.<\/p>\n<\/div>\n<\/div>\n<div class=\"elementor-element elementor-element-3b0e174 elementor-widget elementor-widget-heading\" data-id=\"3b0e174\" data-element_type=\"widget\" data-widget_type=\"heading.default\">\n<div class=\"elementor-widget-container\">\n<h3 class=\"elementor-heading-title elementor-size-default\">Disseny d\u2019estand per a XUCL\u00c0 a Seafood Expo Global 2026<\/h3>\n<\/div>\n<\/div>\n<div class=\"elementor-element elementor-element-6a0bc8a elementor-widget elementor-widget-text-editor\" data-id=\"6a0bc8a\" data-element_type=\"widget\" data-widget_type=\"text-editor.default\">\n<div class=\"elementor-widget-container\">\n<p>En aquesta edici\u00f3, Cota Creativa ha col\u00b7laborat amb XUCL\u00c0, empresa especialitzada en maquin\u00e0ria per a la ind\u00fastria aliment\u00e0ria, higiene, rentat, desinfecci\u00f3, esterilitzaci\u00f3 i solucions t\u00e8cniques per a entorns productius.<\/p>\n<p>Per a la seva pres\u00e8ncia a <a href=\"https:\/\/www.seafoodexpo.com\/global\/\" target=\"_blank\" rel=\"noopener\">Seafood Expo Global 2026 Barcelona<\/a>, hem treballat en un estand de 40 m\u00b2, amb una planta de 10 x 4 metres i una distribuci\u00f3 orientada a combinar exposici\u00f3 de producte, atenci\u00f3 comercial i reunions professionals.<\/p>\n<p>El disseny inclou zona de barra, \u00e0rea d\u2019emmagatzematge integrada, taules de reuni\u00f3, tamborets alts, suports gr\u00e0fics corporatius i espais destinats a l\u2019exposici\u00f3 de maquin\u00e0ria i solucions t\u00e8cniques. La composici\u00f3 de l\u2019estand busca transmetre una imatge neta, t\u00e8cnica i funcional, coherent amb una empresa especialitzada en higiene industrial i maquin\u00e0ria aliment\u00e0ria. <\/p>\n<\/div>\n<\/div>\n<div class=\"elementor-element elementor-element-dcb0e4e elementor-widget elementor-widget-heading\" data-id=\"dcb0e4e\" data-element_type=\"widget\" data-widget_type=\"heading.default\">\n<div class=\"elementor-widget-container\">\n<h3 class=\"elementor-heading-title elementor-size-default\">Un estand funcional per a una fira t\u00e8cnica i comercial<\/h3>\n<\/div>\n<\/div>\n<div class=\"elementor-element elementor-element-d789361 elementor-widget elementor-widget-text-editor\" data-id=\"d789361\" data-element_type=\"widget\" data-widget_type=\"text-editor.default\">\n<div class=\"elementor-widget-container\">\n<p>El muntatge d\u2019estands per a fires com <a href=\"https:\/\/www.seafoodexpo.com\/global\/\">Seafood Expo Global<\/a> requereix una lectura clara del tipus de visitant, del producte exposat i dels objectius comercials de la marca.<\/p>\n<p>En el cas de<span> <\/span><a href=\"https:\/\/www.xucla.es\/\">XUCL\u00c0<\/a>, l\u2019espai havia de permetre explicar solucions t\u00e8cniques, atendre clients i generar converses professionals en un entorn c\u00f2mode i ordenat. Per aix\u00f2, el disseny s\u2019ha plantejat amb diverses zones de contacte, una imatge corporativa visible i una distribuci\u00f3 oberta que facilita la circulaci\u00f3 dins de l\u2019estand. <\/p>\n<p>La pres\u00e8ncia de gr\u00e0fica de producte, mobiliari de reuni\u00f3 i zones d\u2019exposici\u00f3 ajuda a refor\u00e7ar el missatge de marca i a convertir l\u2019estand en una eina comercial durant tota la fira.<\/p>\n<\/div>\n<\/div>\n<\/div>\n<\/div>\n<\/div>\n<\/div>\n<\/div>\n<\/div>\n<\/div>\n<\/div>\n<\/div>\n<\/div>\n<\/div>\n<\/div>\n<\/div>\n<\/div>\n<\/div>\n<\/div>\n<\/div>\n<\/div>\n<\/div>\n<\/div>\n<\/div>\n<\/div>\n<\/div>\n<\/div>\n<\/div>\n<\/div>\n<\/div>\n<\/div>\n<\/div>\n<p>[\/et_pb_text][et_pb_image src=\u00bbhttps:\/\/cotacreativa.es\/wp-content\/uploads\/2026\/06\/seafood-1536&#215;989-1.jpg\u00bb title_text=\u00bbseafood-1536&#215;989&#8243; _builder_version=\u00bb4.27.4&#8243; _module_preset=\u00bbdefault\u00bb global_colors_info=\u00bb{}\u00bb][\/et_pb_image][et_pb_text _builder_version=\u00bb4.27.4&#8243; _module_preset=\u00bbdefault\u00bb text_font=\u00bbMontserrat||||||||\u00bb text_text_color=\u00bb#3a3a3a\u00bb text_line_height=\u00bb1.8em\u00bb link_font=\u00bbMontserrat||||||||\u00bb link_text_color=\u00bb#00a996&#8243; header_font=\u00bbMontserrat|600|||||||\u00bb header_text_color=\u00bb#00a996&#8243; header_2_font=\u00bbMontserrat|600|||||||\u00bb header_2_text_color=\u00bb#00a996&#8243; header_2_line_height=\u00bb2em\u00bb header_3_font=\u00bb&#8211;et_global_heading_font|600|||||||\u00bb header_3_text_color=\u00bb#00a996&#8243; header_3_line_height=\u00bb1.5em\u00bb custom_padding=\u00bb||||true\u00bb global_colors_info=\u00bb{}\u00bb]<\/p>\n<div class=\"elementor-element elementor-element-0d9d3a9 elementor-widget elementor-widget-text-editor\" data-id=\"0d9d3a9\" data-element_type=\"widget\" data-widget_type=\"text-editor.default\">\n<div class=\"elementor-widget-container\">\n<div data-elementor-type=\"single-post\" data-elementor-id=\"15878\" class=\"elementor elementor-15878 elementor-location-single post-21067 post type-post status-publish format-standard has-post-thumbnail hentry category-eventos-espana\" data-elementor-post-type=\"elementor_library\">\n<div class=\"elementor-element elementor-element-88679f6 e-flex e-con-boxed e-con e-parent e-lazyloaded\" data-id=\"88679f6\" data-element_type=\"container\">\n<div class=\"e-con-inner\">\n<div class=\"elementor-element elementor-element-7c607d6 elementor-widget elementor-widget-theme-post-content\" data-id=\"7c607d6\" data-element_type=\"widget\" data-widget_type=\"theme-post-content.default\">\n<div class=\"elementor-widget-container\">\n<div data-elementor-type=\"wp-post\" data-elementor-id=\"21067\" class=\"elementor elementor-21067\" data-elementor-post-type=\"post\">\n<div class=\"elementor-element elementor-element-f73205f e-flex e-con-boxed e-con e-parent e-lazyloaded\" data-id=\"f73205f\" data-element_type=\"container\">\n<div class=\"e-con-inner\">\n<div class=\"elementor-element elementor-element-eea4343 elementor-widget elementor-widget-heading\" data-id=\"eea4343\" data-element_type=\"widget\" data-widget_type=\"heading.default\">\n<div class=\"elementor-widget-container\">\n<div class=\"elementor-element elementor-element-9864f69 elementor-widget elementor-widget-text-editor\" data-id=\"9864f69\" data-element_type=\"widget\" data-widget_type=\"text-editor.default\">\n<div class=\"elementor-widget-container\">\n<div data-elementor-type=\"single-post\" data-elementor-id=\"15878\" class=\"elementor elementor-15878 elementor-location-single post-27573 post type-post status-publish format-standard has-post-thumbnail hentry category-espana-2026 category-eventos-espana\" data-elementor-post-type=\"elementor_library\">\n<div class=\"elementor-element elementor-element-88679f6 e-flex e-con-boxed e-con e-parent e-lazyloaded\" data-id=\"88679f6\" data-element_type=\"container\">\n<div class=\"e-con-inner\">\n<div class=\"elementor-element elementor-element-7c607d6 elementor-widget elementor-widget-theme-post-content\" data-id=\"7c607d6\" data-element_type=\"widget\" data-widget_type=\"theme-post-content.default\">\n<div class=\"elementor-widget-container\">\n<div data-elementor-type=\"wp-post\" data-elementor-id=\"27573\" class=\"elementor elementor-27573\" data-elementor-post-type=\"post\">\n<div class=\"elementor-element elementor-element-665a3e4 e-flex e-con-boxed e-con e-parent e-lazyloaded\" data-id=\"665a3e4\" data-element_type=\"container\">\n<div class=\"e-con-inner\">\n<div class=\"elementor-element elementor-element-4f943280 h3-color elementor-widget elementor-widget-text-editor\" data-id=\"4f943280\" data-element_type=\"widget\" data-widget_type=\"text-editor.default\">\n<div class=\"elementor-widget-container\">\n<div data-elementor-type=\"single-post\" data-elementor-id=\"15878\" class=\"elementor elementor-15878 elementor-location-single post-27595 post type-post status-publish format-standard has-post-thumbnail hentry category-espana-2026 category-eventos-espana\" data-elementor-post-type=\"elementor_library\">\n<div class=\"elementor-element elementor-element-88679f6 e-flex e-con-boxed e-con e-parent e-lazyloaded\" data-id=\"88679f6\" data-element_type=\"container\">\n<div class=\"e-con-inner\">\n<div class=\"elementor-element elementor-element-7c607d6 elementor-widget elementor-widget-theme-post-content\" data-id=\"7c607d6\" data-element_type=\"widget\" data-widget_type=\"theme-post-content.default\">\n<div class=\"elementor-widget-container\">\n<div class=\"elementor-element elementor-element-6fac6e9 elementor-widget elementor-widget-text-editor\" data-id=\"6fac6e9\" data-element_type=\"widget\" data-widget_type=\"text-editor.default\">\n<div class=\"elementor-widget-container\">\n<div class=\"elementor-element elementor-element-c3bd9f5 elementor-widget elementor-widget-heading\" data-id=\"c3bd9f5\" data-element_type=\"widget\" data-widget_type=\"heading.default\">\n<div class=\"elementor-widget-container\">\n<h3 class=\"elementor-heading-title elementor-size-default\">Empresa d\u2019estands a Barcelona per a Fira Gran Via<\/h3>\n<\/div>\n<\/div>\n<div class=\"elementor-element elementor-element-53e8470 elementor-widget elementor-widget-text-editor\" data-id=\"53e8470\" data-element_type=\"widget\" data-widget_type=\"text-editor.default\">\n<div class=\"elementor-widget-container\">\n<p>Cota Creativa treballa en el <a href=\"https:\/\/www.cotacreativa.com\/estands-de-diseno\/\">disseny i muntatge d\u2019estands personalitzats <\/a>per a fires nacionals i internacionals, adaptant cada projecte al sector, al recinte, a l\u2019espai disponible i a les necessitats reals de cada expositor.<\/p>\n<p>En projectes celebrats a<span> <\/span><a href=\"https:\/\/www.firabarcelona.com\/en\/venues\/gran-via\/\">Fira Barcelona<\/a>, la nostra ubicaci\u00f3 a Gav\u00e0, a pocs minuts del recinte, ens permet oferir una resposta \u00e0gil, eficient i propera. Aquesta proximitat facilita la coordinaci\u00f3 amb prove\u00efdors locals, redueix despla\u00e7aments innecessaris i contribueix a una producci\u00f3 m\u00e9s responsable i alineada amb criteris de sostenibilitat i economia local. <\/p>\n<p><a href=\"https:\/\/www.seafoodexpo.com\/global\/\">Seafood Expo Global 2026<\/a><span> <\/span>es un ejemplo de c\u00f3mo un stand bien planteado puede ayudar a una marca industrial a reforzar su presencia, presentar sus soluciones y trabajar mejor durante una feria internacional.<\/p>\n<\/div>\n<\/div>\n<\/div>\n<\/div>\n<\/div>\n<\/div>\n<\/div>\n<\/div>\n<\/div>\n<\/div>\n<\/div>\n<\/div>\n<\/div>\n<\/div>\n<\/div>\n<\/div>\n<\/div>\n<\/div>\n<\/div>\n<\/div>\n<\/div>\n<\/div>\n<\/div>\n<\/div>\n<\/div>\n<\/div>\n<\/div>\n<\/div>\n<\/div>\n<\/div>\n<\/div>\n<\/div>\n<\/div>\n<p>[\/et_pb_text][\/et_pb_column][\/et_pb_row][\/et_pb_section]<\/p>\n","protected":false},"excerpt":{"rendered":"<p>Seafood Expo Global \/ Seafood Processing Global 2026 se celebra del 21 al 23 d\u2019abril a Fira Barcelona Gran Via, consolidant Barcelona com un dels grans punts de trobada internacionals per a la ind\u00fastria del producte del mar, el processament alimentari i les solucions t\u00e8cniques vinculades al sector seafood. La fira reuneix empreses expositores, compradors, [&hellip;]<\/p>\n","protected":false},"author":1,"featured_media":3340,"comment_status":"closed","ping_status":"open","sticky":false,"template":"","format":"standard","meta":{"_et_pb_use_builder":"on","_et_pb_old_content":"","_et_gb_content_width":"","footnotes":""},"categories":[37],"tags":[],"class_list":["post-3341","post","type-post","status-publish","format-standard","has-post-thumbnail","hentry","category-esdeveniments-espanya"],"yoast_head":"<!-- This site is optimized with the Yoast SEO plugin v28.1 - https:\/\/yoast.com\/product\/yoast-seo-wordpress\/ -->\n<title>Disseny d\u2019estands per a Seafood Expo Global 2026 a Barcelona<\/title>\n<meta name=\"description\" content=\"Seafood Expo Global \/ Seafood Processing Global 2026 se celebra del 21 al 23 d\u2019abril a Fira Barcelona Gran Via, consolidant Barcelona com un dels grans.\" \/>\n<meta name=\"robots\" content=\"index, follow, max-snippet:-1, max-image-preview:large, max-video-preview:-1\" \/>\n<link rel=\"canonical\" href=\"https:\/\/cotacreativa.es\/ca\/2026\/05\/08\/disseny-i-muntatge-destands-per-a-seafood-expo-global-2026-a-barcelona\/\" \/>\n<meta property=\"og:locale\" content=\"ca_ES\" \/>\n<meta property=\"og:type\" content=\"article\" \/>\n<meta property=\"og:title\" content=\"Disseny d\u2019estands per a Seafood Expo Global 2026 a Barcelona\" \/>\n<meta property=\"og:description\" content=\"Seafood Expo Global \/ Seafood Processing Global 2026 se celebra del 21 al 23 d\u2019abril a Fira Barcelona Gran Via, consolidant Barcelona com un dels grans.\" \/>\n<meta property=\"og:url\" content=\"https:\/\/cotacreativa.es\/ca\/2026\/05\/08\/disseny-i-muntatge-destands-per-a-seafood-expo-global-2026-a-barcelona\/\" \/>\n<meta property=\"og:site_name\" content=\"Cota Creativa\" \/>\n<meta property=\"article:published_time\" content=\"2026-05-08T10:41:47+00:00\" \/>\n<meta property=\"article:modified_time\" content=\"2026-06-18T08:36:40+00:00\" \/>\n<meta property=\"og:image\" content=\"https:\/\/cotacreativa.es\/wp-content\/uploads\/2026\/06\/SEAFOOD-EXPO-GLOBAL-2026-Barcelona-1024x600-1.jpg\" \/>\n\t<meta property=\"og:image:width\" content=\"1024\" \/>\n\t<meta property=\"og:image:height\" content=\"600\" \/>\n\t<meta property=\"og:image:type\" content=\"image\/jpeg\" \/>\n<meta name=\"author\" content=\"admin_cota\" \/>\n<meta name=\"twitter:card\" content=\"summary_large_image\" \/>\n<meta name=\"twitter:label1\" content=\"Escrit per\" \/>\n\t<meta name=\"twitter:data1\" content=\"admin_cota\" \/>\n\t<meta name=\"twitter:label2\" content=\"Temps estimat de lectura\" \/>\n\t<meta name=\"twitter:data2\" content=\"5 minuts\" \/>\n<script type=\"application\/ld+json\" class=\"yoast-schema-graph\">{\"@context\":\"https:\\\/\\\/schema.org\",\"@graph\":[{\"@type\":\"Article\",\"@id\":\"https:\\\/\\\/cotacreativa.es\\\/ca\\\/2026\\\/05\\\/08\\\/disseny-i-muntatge-destands-per-a-seafood-expo-global-2026-a-barcelona\\\/#article\",\"isPartOf\":{\"@id\":\"https:\\\/\\\/cotacreativa.es\\\/ca\\\/2026\\\/05\\\/08\\\/disseny-i-muntatge-destands-per-a-seafood-expo-global-2026-a-barcelona\\\/\"},\"author\":{\"name\":\"admin_cota\",\"@id\":\"https:\\\/\\\/cotacreativa.es\\\/#\\\/schema\\\/person\\\/c76f390a3906c2ee55d9ddd19864c7cf\"},\"headline\":\"Disseny i muntatge d\u2019estands per a Seafood Expo Global 2026 a Barcelona\",\"datePublished\":\"2026-05-08T10:41:47+00:00\",\"dateModified\":\"2026-06-18T08:36:40+00:00\",\"mainEntityOfPage\":{\"@id\":\"https:\\\/\\\/cotacreativa.es\\\/ca\\\/2026\\\/05\\\/08\\\/disseny-i-muntatge-destands-per-a-seafood-expo-global-2026-a-barcelona\\\/\"},\"wordCount\":914,\"image\":{\"@id\":\"https:\\\/\\\/cotacreativa.es\\\/ca\\\/2026\\\/05\\\/08\\\/disseny-i-muntatge-destands-per-a-seafood-expo-global-2026-a-barcelona\\\/#primaryimage\"},\"thumbnailUrl\":\"https:\\\/\\\/cotacreativa.es\\\/wp-content\\\/uploads\\\/2026\\\/06\\\/SEAFOOD-EXPO-GLOBAL-2026-Barcelona-1024x600-1.jpg\",\"articleSection\":[\"Esdeveniments Espanya\"],\"inLanguage\":\"ca\"},{\"@type\":\"WebPage\",\"@id\":\"https:\\\/\\\/cotacreativa.es\\\/ca\\\/2026\\\/05\\\/08\\\/disseny-i-muntatge-destands-per-a-seafood-expo-global-2026-a-barcelona\\\/\",\"url\":\"https:\\\/\\\/cotacreativa.es\\\/ca\\\/2026\\\/05\\\/08\\\/disseny-i-muntatge-destands-per-a-seafood-expo-global-2026-a-barcelona\\\/\",\"name\":\"Disseny d\u2019estands per a Seafood Expo Global 2026 a Barcelona\",\"isPartOf\":{\"@id\":\"https:\\\/\\\/cotacreativa.es\\\/#website\"},\"primaryImageOfPage\":{\"@id\":\"https:\\\/\\\/cotacreativa.es\\\/ca\\\/2026\\\/05\\\/08\\\/disseny-i-muntatge-destands-per-a-seafood-expo-global-2026-a-barcelona\\\/#primaryimage\"},\"image\":{\"@id\":\"https:\\\/\\\/cotacreativa.es\\\/ca\\\/2026\\\/05\\\/08\\\/disseny-i-muntatge-destands-per-a-seafood-expo-global-2026-a-barcelona\\\/#primaryimage\"},\"thumbnailUrl\":\"https:\\\/\\\/cotacreativa.es\\\/wp-content\\\/uploads\\\/2026\\\/06\\\/SEAFOOD-EXPO-GLOBAL-2026-Barcelona-1024x600-1.jpg\",\"datePublished\":\"2026-05-08T10:41:47+00:00\",\"dateModified\":\"2026-06-18T08:36:40+00:00\",\"author\":{\"@id\":\"https:\\\/\\\/cotacreativa.es\\\/#\\\/schema\\\/person\\\/c76f390a3906c2ee55d9ddd19864c7cf\"},\"description\":\"Seafood Expo Global \\\/ Seafood Processing Global 2026 se celebra del 21 al 23 d\u2019abril a Fira Barcelona Gran Via, consolidant Barcelona com un dels grans.\",\"breadcrumb\":{\"@id\":\"https:\\\/\\\/cotacreativa.es\\\/ca\\\/2026\\\/05\\\/08\\\/disseny-i-muntatge-destands-per-a-seafood-expo-global-2026-a-barcelona\\\/#breadcrumb\"},\"inLanguage\":\"ca\",\"potentialAction\":[{\"@type\":\"ReadAction\",\"target\":[\"https:\\\/\\\/cotacreativa.es\\\/ca\\\/2026\\\/05\\\/08\\\/disseny-i-muntatge-destands-per-a-seafood-expo-global-2026-a-barcelona\\\/\"]}]},{\"@type\":\"ImageObject\",\"inLanguage\":\"ca\",\"@id\":\"https:\\\/\\\/cotacreativa.es\\\/ca\\\/2026\\\/05\\\/08\\\/disseny-i-muntatge-destands-per-a-seafood-expo-global-2026-a-barcelona\\\/#primaryimage\",\"url\":\"https:\\\/\\\/cotacreativa.es\\\/wp-content\\\/uploads\\\/2026\\\/06\\\/SEAFOOD-EXPO-GLOBAL-2026-Barcelona-1024x600-1.jpg\",\"contentUrl\":\"https:\\\/\\\/cotacreativa.es\\\/wp-content\\\/uploads\\\/2026\\\/06\\\/SEAFOOD-EXPO-GLOBAL-2026-Barcelona-1024x600-1.jpg\",\"width\":1024,\"height\":600},{\"@type\":\"BreadcrumbList\",\"@id\":\"https:\\\/\\\/cotacreativa.es\\\/ca\\\/2026\\\/05\\\/08\\\/disseny-i-muntatge-destands-per-a-seafood-expo-global-2026-a-barcelona\\\/#breadcrumb\",\"itemListElement\":[{\"@type\":\"ListItem\",\"position\":1,\"name\":\"Portada\",\"item\":\"https:\\\/\\\/cotacreativa.es\\\/ca\\\/inicio\\\/\"},{\"@type\":\"ListItem\",\"position\":2,\"name\":\"Disseny i muntatge d\u2019estands per a Seafood Expo Global 2026 a Barcelona\"}]},{\"@type\":\"WebSite\",\"@id\":\"https:\\\/\\\/cotacreativa.es\\\/#website\",\"url\":\"https:\\\/\\\/cotacreativa.es\\\/\",\"name\":\"Cota Creativa\",\"description\":\"\",\"potentialAction\":[{\"@type\":\"SearchAction\",\"target\":{\"@type\":\"EntryPoint\",\"urlTemplate\":\"https:\\\/\\\/cotacreativa.es\\\/?s={search_term_string}\"},\"query-input\":{\"@type\":\"PropertyValueSpecification\",\"valueRequired\":true,\"valueName\":\"search_term_string\"}}],\"inLanguage\":\"ca\"},{\"@type\":\"Person\",\"@id\":\"https:\\\/\\\/cotacreativa.es\\\/#\\\/schema\\\/person\\\/c76f390a3906c2ee55d9ddd19864c7cf\",\"name\":\"admin_cota\",\"sameAs\":[\"https:\\\/\\\/cotacreativa.es\"],\"url\":\"https:\\\/\\\/cotacreativa.es\\\/ca\\\/author\\\/admin_cota\\\/\"}]}<\/script>\n<!-- \/ Yoast SEO plugin. -->","yoast_head_json":{"title":"Disseny d\u2019estands per a Seafood Expo Global 2026 a Barcelona","description":"Seafood Expo Global \/ Seafood Processing Global 2026 se celebra del 21 al 23 d\u2019abril a Fira Barcelona Gran Via, consolidant Barcelona com un dels grans.","robots":{"index":"index","follow":"follow","max-snippet":"max-snippet:-1","max-image-preview":"max-image-preview:large","max-video-preview":"max-video-preview:-1"},"canonical":"https:\/\/cotacreativa.es\/ca\/2026\/05\/08\/disseny-i-muntatge-destands-per-a-seafood-expo-global-2026-a-barcelona\/","og_locale":"ca_ES","og_type":"article","og_title":"Disseny d\u2019estands per a Seafood Expo Global 2026 a Barcelona","og_description":"Seafood Expo Global \/ Seafood Processing Global 2026 se celebra del 21 al 23 d\u2019abril a Fira Barcelona Gran Via, consolidant Barcelona com un dels grans.","og_url":"https:\/\/cotacreativa.es\/ca\/2026\/05\/08\/disseny-i-muntatge-destands-per-a-seafood-expo-global-2026-a-barcelona\/","og_site_name":"Cota Creativa","article_published_time":"2026-05-08T10:41:47+00:00","article_modified_time":"2026-06-18T08:36:40+00:00","og_image":[{"width":1024,"height":600,"url":"https:\/\/cotacreativa.es\/wp-content\/uploads\/2026\/06\/SEAFOOD-EXPO-GLOBAL-2026-Barcelona-1024x600-1.jpg","type":"image\/jpeg"}],"author":"admin_cota","twitter_card":"summary_large_image","twitter_misc":{"Escrit per":"admin_cota","Temps estimat de lectura":"5 minuts"},"schema":{"@context":"https:\/\/schema.org","@graph":[{"@type":"Article","@id":"https:\/\/cotacreativa.es\/ca\/2026\/05\/08\/disseny-i-muntatge-destands-per-a-seafood-expo-global-2026-a-barcelona\/#article","isPartOf":{"@id":"https:\/\/cotacreativa.es\/ca\/2026\/05\/08\/disseny-i-muntatge-destands-per-a-seafood-expo-global-2026-a-barcelona\/"},"author":{"name":"admin_cota","@id":"https:\/\/cotacreativa.es\/#\/schema\/person\/c76f390a3906c2ee55d9ddd19864c7cf"},"headline":"Disseny i muntatge d\u2019estands per a Seafood Expo Global 2026 a Barcelona","datePublished":"2026-05-08T10:41:47+00:00","dateModified":"2026-06-18T08:36:40+00:00","mainEntityOfPage":{"@id":"https:\/\/cotacreativa.es\/ca\/2026\/05\/08\/disseny-i-muntatge-destands-per-a-seafood-expo-global-2026-a-barcelona\/"},"wordCount":914,"image":{"@id":"https:\/\/cotacreativa.es\/ca\/2026\/05\/08\/disseny-i-muntatge-destands-per-a-seafood-expo-global-2026-a-barcelona\/#primaryimage"},"thumbnailUrl":"https:\/\/cotacreativa.es\/wp-content\/uploads\/2026\/06\/SEAFOOD-EXPO-GLOBAL-2026-Barcelona-1024x600-1.jpg","articleSection":["Esdeveniments Espanya"],"inLanguage":"ca"},{"@type":"WebPage","@id":"https:\/\/cotacreativa.es\/ca\/2026\/05\/08\/disseny-i-muntatge-destands-per-a-seafood-expo-global-2026-a-barcelona\/","url":"https:\/\/cotacreativa.es\/ca\/2026\/05\/08\/disseny-i-muntatge-destands-per-a-seafood-expo-global-2026-a-barcelona\/","name":"Disseny d\u2019estands per a Seafood Expo Global 2026 a Barcelona","isPartOf":{"@id":"https:\/\/cotacreativa.es\/#website"},"primaryImageOfPage":{"@id":"https:\/\/cotacreativa.es\/ca\/2026\/05\/08\/disseny-i-muntatge-destands-per-a-seafood-expo-global-2026-a-barcelona\/#primaryimage"},"image":{"@id":"https:\/\/cotacreativa.es\/ca\/2026\/05\/08\/disseny-i-muntatge-destands-per-a-seafood-expo-global-2026-a-barcelona\/#primaryimage"},"thumbnailUrl":"https:\/\/cotacreativa.es\/wp-content\/uploads\/2026\/06\/SEAFOOD-EXPO-GLOBAL-2026-Barcelona-1024x600-1.jpg","datePublished":"2026-05-08T10:41:47+00:00","dateModified":"2026-06-18T08:36:40+00:00","author":{"@id":"https:\/\/cotacreativa.es\/#\/schema\/person\/c76f390a3906c2ee55d9ddd19864c7cf"},"description":"Seafood Expo Global \/ Seafood Processing Global 2026 se celebra del 21 al 23 d\u2019abril a Fira Barcelona Gran Via, consolidant Barcelona com un dels grans.","breadcrumb":{"@id":"https:\/\/cotacreativa.es\/ca\/2026\/05\/08\/disseny-i-muntatge-destands-per-a-seafood-expo-global-2026-a-barcelona\/#breadcrumb"},"inLanguage":"ca","potentialAction":[{"@type":"ReadAction","target":["https:\/\/cotacreativa.es\/ca\/2026\/05\/08\/disseny-i-muntatge-destands-per-a-seafood-expo-global-2026-a-barcelona\/"]}]},{"@type":"ImageObject","inLanguage":"ca","@id":"https:\/\/cotacreativa.es\/ca\/2026\/05\/08\/disseny-i-muntatge-destands-per-a-seafood-expo-global-2026-a-barcelona\/#primaryimage","url":"https:\/\/cotacreativa.es\/wp-content\/uploads\/2026\/06\/SEAFOOD-EXPO-GLOBAL-2026-Barcelona-1024x600-1.jpg","contentUrl":"https:\/\/cotacreativa.es\/wp-content\/uploads\/2026\/06\/SEAFOOD-EXPO-GLOBAL-2026-Barcelona-1024x600-1.jpg","width":1024,"height":600},{"@type":"BreadcrumbList","@id":"https:\/\/cotacreativa.es\/ca\/2026\/05\/08\/disseny-i-muntatge-destands-per-a-seafood-expo-global-2026-a-barcelona\/#breadcrumb","itemListElement":[{"@type":"ListItem","position":1,"name":"Portada","item":"https:\/\/cotacreativa.es\/ca\/inicio\/"},{"@type":"ListItem","position":2,"name":"Disseny i muntatge d\u2019estands per a Seafood Expo Global 2026 a Barcelona"}]},{"@type":"WebSite","@id":"https:\/\/cotacreativa.es\/#website","url":"https:\/\/cotacreativa.es\/","name":"Cota Creativa","description":"","potentialAction":[{"@type":"SearchAction","target":{"@type":"EntryPoint","urlTemplate":"https:\/\/cotacreativa.es\/?s={search_term_string}"},"query-input":{"@type":"PropertyValueSpecification","valueRequired":true,"valueName":"search_term_string"}}],"inLanguage":"ca"},{"@type":"Person","@id":"https:\/\/cotacreativa.es\/#\/schema\/person\/c76f390a3906c2ee55d9ddd19864c7cf","name":"admin_cota","sameAs":["https:\/\/cotacreativa.es"],"url":"https:\/\/cotacreativa.es\/ca\/author\/admin_cota\/"}]}},"_links":{"self":[{"href":"https:\/\/cotacreativa.es\/ca\/wp-json\/wp\/v2\/posts\/3341","targetHints":{"allow":["GET"]}}],"collection":[{"href":"https:\/\/cotacreativa.es\/ca\/wp-json\/wp\/v2\/posts"}],"about":[{"href":"https:\/\/cotacreativa.es\/ca\/wp-json\/wp\/v2\/types\/post"}],"author":[{"embeddable":true,"href":"https:\/\/cotacreativa.es\/ca\/wp-json\/wp\/v2\/users\/1"}],"replies":[{"embeddable":true,"href":"https:\/\/cotacreativa.es\/ca\/wp-json\/wp\/v2\/comments?post=3341"}],"version-history":[{"count":2,"href":"https:\/\/cotacreativa.es\/ca\/wp-json\/wp\/v2\/posts\/3341\/revisions"}],"predecessor-version":[{"id":3343,"href":"https:\/\/cotacreativa.es\/ca\/wp-json\/wp\/v2\/posts\/3341\/revisions\/3343"}],"wp:featuredmedia":[{"embeddable":true,"href":"https:\/\/cotacreativa.es\/ca\/wp-json\/wp\/v2\/media\/3340"}],"wp:attachment":[{"href":"https:\/\/cotacreativa.es\/ca\/wp-json\/wp\/v2\/media?parent=3341"}],"wp:term":[{"taxonomy":"category","embeddable":true,"href":"https:\/\/cotacreativa.es\/ca\/wp-json\/wp\/v2\/categories?post=3341"},{"taxonomy":"post_tag","embeddable":true,"href":"https:\/\/cotacreativa.es\/ca\/wp-json\/wp\/v2\/tags?post=3341"}],"curies":[{"name":"wp","href":"https:\/\/api.w.org\/{rel}","templated":true}]}}